{"id":561,"date":"2022-06-13T15:08:51","date_gmt":"2022-06-13T13:08:51","guid":{"rendered":"https:\/\/zauner.at\/?p=561"},"modified":"2024-08-21T11:33:02","modified_gmt":"2024-08-21T09:33:02","slug":"zauner-employee-residence-ready-for-occupancy","status":"publish","type":"post","link":"https:\/\/zauner.at\/en\/zauner-mitarbeiter-residenz-bezugsbereit\/","title":{"rendered":"Zauner employee residence ready for occupancy!"},"content":{"rendered":"<p><strong>After five months of construction, the final work on the future employee residence of the Zauner confectionery in the heart of the town of Bad Ischl has been completed. 28 employee accommodations are now ready for occupancy and offer enough space for the team of the traditional court confectionery.<\/strong><\/p>\n<p>The former city hotel &quot;Stadt Salzburg&quot; was purchased in the summer of 2021 and quickly converted into an employee residence, which now offers space for recreation, relaxation and leisure contacts. The two locations of the Zauner confectionery can be reached on foot in two minutes, there are sufficient parking spaces, public transport connections are excellent and at the same time the location offers the perfect starting point for leisure activities in the heart of the Salzkammergut.<\/p>\n<p><strong>Employee House as a Milestone in Company History<\/strong><\/p>\n<p>&quot;The implementation of our own staff house in the town centre of Bad Ischl is of course a big step for our family business, one that we don&#039;t dare to take every day. We are now extremely pleased that it has been completed, as we see the offer to our team as an important building block for our success! If a traditional company wants to grow steadily and continuously, offers like this are a basic requirement,&quot; Philipp Zauner.<\/p>\n<p>\u201cProviding living space has simply become a must in our industry \u2013 but I see it as an immense saving for employees and enormous added value for the company, making jobs in the catering industry even more attractive,\u201d says Josef Zauner.<\/p>\n<p>Of course, the 1,800m\u00b2 of usable space includes Wi-Fi, cable TV, in-room refrigerators, a laundry room, and shared kitchen, dining, and lounge areas.<\/p>","protected":false},"excerpt":{"rendered":"<p>Nach f\u00fcnf Monaten Bauzeit wurden die finalen Arbeiten an der zuk\u00fcnftigen Mitarbeiter-Residenz der Konditorei Zauner im Herzen der Stadt Bad Ischl abgeschlossen. 28 Mitarbeiterunterk\u00fcnfte sind nun bezugsbereit und bieten ausreichend Platz f\u00fcr das Team der traditionsreichen Hofzuckerb\u00e4ckerei. Bereits im Sommer 2021 wurde das ehemalige Stadthotel \u201eStadt Salzburg\u201c angekauft und rasch zur Mitarbeiter-Residenz umfunktioniert, welche nun [&hellip;]<\/p>\n","protected":false},"author":2,"featured_media":484,"comment_status":"closed","ping_status":"closed","sticky":false,"template":"","format":"standard","meta":{"_acf_changed":false,"footnotes":""},"categories":[576],"tags":[],"class_list":["post-561","post","type-post","status-publish","format-standard","has-post-thumbnail","hentry","category-news"],"acf":[],"yoast_head":"<!-- This site is optimized with the Yoast SEO plugin v27.4 - https:\/\/yoast.com\/product\/yoast-seo-wordpress\/ -->\n<title>Zauner-Mitarbeiter-Residenz bezugsbereit! - Zauner<\/title>\n<meta name=\"description\" content=\"Die Zauner Mitarbeiter-Residenz ist bezugsbereit! Moderner Wohnraum f\u00fcr das Team \u2013 ein Meilenstein f\u00fcr Komfort &amp; Zukunftssicherung.\" \/>\n<meta name=\"robots\" content=\"index, follow, max-snippet:-1, max-image-preview:large, max-video-preview:-1\" \/>\n<link rel=\"canonical\" href=\"https:\/\/zauner.at\/en\/zauner-employee-residence-ready-for-occupancy\/\" \/>\n<meta property=\"og:locale\" content=\"en_GB\" \/>\n<meta property=\"og:type\" content=\"article\" \/>\n<meta property=\"og:title\" content=\"Zauner-Mitarbeiter-Residenz bezugsbereit! - Zauner\" \/>\n<meta property=\"og:description\" content=\"Die Zauner Mitarbeiter-Residenz ist bezugsbereit! Moderner Wohnraum f\u00fcr das Team \u2013 ein Meilenstein f\u00fcr Komfort &amp; Zukunftssicherung.\" \/>\n<meta property=\"og:url\" content=\"https:\/\/zauner.at\/en\/zauner-employee-residence-ready-for-occupancy\/\" \/>\n<meta property=\"og:site_name\" content=\"Zauner\" \/>\n<meta property=\"article:publisher\" content=\"https:\/\/www.facebook.com\/p\/Konditorei-Kaffee-Zauner-Bad-Ischl-100057212599739\/\" \/>\n<meta property=\"article:published_time\" content=\"2022-06-13T13:08:51+00:00\" \/>\n<meta property=\"article:modified_time\" content=\"2024-08-21T09:33:02+00:00\" \/>\n<meta property=\"og:image\" content=\"https:\/\/zauner.at\/wp-content\/uploads\/2024\/06\/zauner-news-Ansicht-vorne-Mitarbeiter-Residenz-Konditorei-Zauner-1-800x1030-1.jpeg\" \/>\n\t<meta property=\"og:image:width\" content=\"800\" \/>\n\t<meta property=\"og:image:height\" content=\"1030\" \/>\n\t<meta property=\"og:image:type\" content=\"image\/jpeg\" \/>\n<meta name=\"author\" content=\"Yvonne\" \/>\n<meta name=\"twitter:card\" content=\"summary_large_image\" \/>\n<meta name=\"twitter:label1\" content=\"Written by\" \/>\n\t<meta name=\"twitter:data1\" content=\"Yvonne\" \/>\n\t<meta name=\"twitter:label2\" content=\"Estimated reading time\" \/>\n\t<meta name=\"twitter:data2\" content=\"1 minute\" \/>\n<script type=\"application\/ld+json\" class=\"yoast-schema-graph\">{\"@context\":\"https:\\\/\\\/schema.org\",\"@graph\":[{\"@type\":[\"Article\",\"BlogPosting\"],\"@id\":\"https:\\\/\\\/zauner.at\\\/zauner-mitarbeiter-residenz-bezugsbereit\\\/#article\",\"isPartOf\":{\"@id\":\"https:\\\/\\\/zauner.at\\\/zauner-mitarbeiter-residenz-bezugsbereit\\\/\"},\"author\":{\"name\":\"Yvonne\",\"@id\":\"https:\\\/\\\/zauner.at\\\/#\\\/schema\\\/person\\\/5316bb2b3fa5f0c0ebacb7426f8b8d42\"},\"headline\":\"Zauner-Mitarbeiter-Residenz bezugsbereit!\",\"datePublished\":\"2022-06-13T13:08:51+00:00\",\"dateModified\":\"2024-08-21T09:33:02+00:00\",\"mainEntityOfPage\":{\"@id\":\"https:\\\/\\\/zauner.at\\\/zauner-mitarbeiter-residenz-bezugsbereit\\\/\"},\"wordCount\":254,\"publisher\":{\"@id\":\"https:\\\/\\\/zauner.at\\\/#organization\"},\"image\":{\"@id\":\"https:\\\/\\\/zauner.at\\\/zauner-mitarbeiter-residenz-bezugsbereit\\\/#primaryimage\"},\"thumbnailUrl\":\"https:\\\/\\\/zauner.at\\\/wp-content\\\/uploads\\\/2024\\\/06\\\/zauner-news-Ansicht-vorne-Mitarbeiter-Residenz-Konditorei-Zauner-1-800x1030-1.jpeg\",\"articleSection\":[\"news\"],\"inLanguage\":\"en-GB\"},{\"@type\":\"WebPage\",\"@id\":\"https:\\\/\\\/zauner.at\\\/zauner-mitarbeiter-residenz-bezugsbereit\\\/\",\"url\":\"https:\\\/\\\/zauner.at\\\/zauner-mitarbeiter-residenz-bezugsbereit\\\/\",\"name\":\"Zauner-Mitarbeiter-Residenz bezugsbereit! - Zauner\",\"isPartOf\":{\"@id\":\"https:\\\/\\\/zauner.at\\\/#website\"},\"primaryImageOfPage\":{\"@id\":\"https:\\\/\\\/zauner.at\\\/zauner-mitarbeiter-residenz-bezugsbereit\\\/#primaryimage\"},\"image\":{\"@id\":\"https:\\\/\\\/zauner.at\\\/zauner-mitarbeiter-residenz-bezugsbereit\\\/#primaryimage\"},\"thumbnailUrl\":\"https:\\\/\\\/zauner.at\\\/wp-content\\\/uploads\\\/2024\\\/06\\\/zauner-news-Ansicht-vorne-Mitarbeiter-Residenz-Konditorei-Zauner-1-800x1030-1.jpeg\",\"datePublished\":\"2022-06-13T13:08:51+00:00\",\"dateModified\":\"2024-08-21T09:33:02+00:00\",\"description\":\"Die Zauner Mitarbeiter-Residenz ist bezugsbereit! Moderner Wohnraum f\u00fcr das Team \u2013 ein Meilenstein f\u00fcr Komfort &amp; Zukunftssicherung.\",\"breadcrumb\":{\"@id\":\"https:\\\/\\\/zauner.at\\\/zauner-mitarbeiter-residenz-bezugsbereit\\\/#breadcrumb\"},\"inLanguage\":\"en-GB\",\"potentialAction\":[{\"@type\":\"ReadAction\",\"target\":[\"https:\\\/\\\/zauner.at\\\/zauner-mitarbeiter-residenz-bezugsbereit\\\/\"]}]},{\"@type\":\"ImageObject\",\"inLanguage\":\"en-GB\",\"@id\":\"https:\\\/\\\/zauner.at\\\/zauner-mitarbeiter-residenz-bezugsbereit\\\/#primaryimage\",\"url\":\"https:\\\/\\\/zauner.at\\\/wp-content\\\/uploads\\\/2024\\\/06\\\/zauner-news-Ansicht-vorne-Mitarbeiter-Residenz-Konditorei-Zauner-1-800x1030-1.jpeg\",\"contentUrl\":\"https:\\\/\\\/zauner.at\\\/wp-content\\\/uploads\\\/2024\\\/06\\\/zauner-news-Ansicht-vorne-Mitarbeiter-Residenz-Konditorei-Zauner-1-800x1030-1.jpeg\",\"width\":800,\"height\":1030,\"caption\":\"Au\u00dfenansicht von Vorne der Mitarbeiter Residenz der Konditorei Zauner.\"},{\"@type\":\"BreadcrumbList\",\"@id\":\"https:\\\/\\\/zauner.at\\\/zauner-mitarbeiter-residenz-bezugsbereit\\\/#breadcrumb\",\"itemListElement\":[{\"@type\":\"ListItem\",\"position\":1,\"name\":\"Startseite\",\"item\":\"https:\\\/\\\/zauner.at\\\/\"},{\"@type\":\"ListItem\",\"position\":2,\"name\":\"Zauner-Mitarbeiter-Residenz bezugsbereit!\"}]},{\"@type\":\"WebSite\",\"@id\":\"https:\\\/\\\/zauner.at\\\/#website\",\"url\":\"https:\\\/\\\/zauner.at\\\/\",\"name\":\"Konditorei Zauner\",\"description\":\"Konditorei\",\"publisher\":{\"@id\":\"https:\\\/\\\/zauner.at\\\/#organization\"},\"potentialAction\":[{\"@type\":\"SearchAction\",\"target\":{\"@type\":\"EntryPoint\",\"urlTemplate\":\"https:\\\/\\\/zauner.at\\\/?s={search_term_string}\"},\"query-input\":{\"@type\":\"PropertyValueSpecification\",\"valueRequired\":true,\"valueName\":\"search_term_string\"}}],\"inLanguage\":\"en-GB\"},{\"@type\":\"Organization\",\"@id\":\"https:\\\/\\\/zauner.at\\\/#organization\",\"name\":\"Konditorei Zauner\",\"url\":\"https:\\\/\\\/zauner.at\\\/\",\"logo\":{\"@type\":\"ImageObject\",\"inLanguage\":\"en-GB\",\"@id\":\"https:\\\/\\\/zauner.at\\\/#\\\/schema\\\/logo\\\/image\\\/\",\"url\":\"https:\\\/\\\/zauner.at\\\/wp-content\\\/uploads\\\/2025\\\/02\\\/zauner-logo.png\",\"contentUrl\":\"https:\\\/\\\/zauner.at\\\/wp-content\\\/uploads\\\/2025\\\/02\\\/zauner-logo.png\",\"width\":160,\"height\":142,\"caption\":\"Konditorei Zauner\"},\"image\":{\"@id\":\"https:\\\/\\\/zauner.at\\\/#\\\/schema\\\/logo\\\/image\\\/\"},\"sameAs\":[\"https:\\\/\\\/www.facebook.com\\\/p\\\/Konditorei-Kaffee-Zauner-Bad-Ischl-100057212599739\\\/\",\"https:\\\/\\\/www.instagram.com\\\/zaunerkaffeekonditorei\\\/\",\"https:\\\/\\\/at.linkedin.com\\\/company\\\/konditorei-kaffee-zauner?trk=public_profile_experience-group-header\"]},{\"@type\":\"Person\",\"@id\":\"https:\\\/\\\/zauner.at\\\/#\\\/schema\\\/person\\\/5316bb2b3fa5f0c0ebacb7426f8b8d42\",\"name\":\"Yvonne\",\"url\":\"https:\\\/\\\/zauner.at\\\/en\\\/author\\\/yvan\\\/\"}]}<\/script>\n<!-- \/ Yoast SEO plugin. -->","yoast_head_json":{"title":"Zauner employee residence ready for occupancy! - Zauner","description":"The Zauner employee residence is ready for occupancy! Modern living space for the team \u2013 a milestone for comfort &amp; future security.","robots":{"index":"index","follow":"follow","max-snippet":"max-snippet:-1","max-image-preview":"max-image-preview:large","max-video-preview":"max-video-preview:-1"},"canonical":"https:\/\/zauner.at\/en\/zauner-employee-residence-ready-for-occupancy\/","og_locale":"en_GB","og_type":"article","og_title":"Zauner-Mitarbeiter-Residenz bezugsbereit! - Zauner","og_description":"Die Zauner Mitarbeiter-Residenz ist bezugsbereit! Moderner Wohnraum f\u00fcr das Team \u2013 ein Meilenstein f\u00fcr Komfort &amp; Zukunftssicherung.","og_url":"https:\/\/zauner.at\/en\/zauner-employee-residence-ready-for-occupancy\/","og_site_name":"Zauner","article_publisher":"https:\/\/www.facebook.com\/p\/Konditorei-Kaffee-Zauner-Bad-Ischl-100057212599739\/","article_published_time":"2022-06-13T13:08:51+00:00","article_modified_time":"2024-08-21T09:33:02+00:00","og_image":[{"width":800,"height":1030,"url":"https:\/\/zauner.at\/wp-content\/uploads\/2024\/06\/zauner-news-Ansicht-vorne-Mitarbeiter-Residenz-Konditorei-Zauner-1-800x1030-1.jpeg","type":"image\/jpeg"}],"author":"Yvonne","twitter_card":"summary_large_image","twitter_misc":{"Written by":"Yvonne","Estimated reading time":"1 minute"},"schema":{"@context":"https:\/\/schema.org","@graph":[{"@type":["Article","BlogPosting"],"@id":"https:\/\/zauner.at\/zauner-mitarbeiter-residenz-bezugsbereit\/#article","isPartOf":{"@id":"https:\/\/zauner.at\/zauner-mitarbeiter-residenz-bezugsbereit\/"},"author":{"name":"Yvonne","@id":"https:\/\/zauner.at\/#\/schema\/person\/5316bb2b3fa5f0c0ebacb7426f8b8d42"},"headline":"Zauner-Mitarbeiter-Residenz bezugsbereit!","datePublished":"2022-06-13T13:08:51+00:00","dateModified":"2024-08-21T09:33:02+00:00","mainEntityOfPage":{"@id":"https:\/\/zauner.at\/zauner-mitarbeiter-residenz-bezugsbereit\/"},"wordCount":254,"publisher":{"@id":"https:\/\/zauner.at\/#organization"},"image":{"@id":"https:\/\/zauner.at\/zauner-mitarbeiter-residenz-bezugsbereit\/#primaryimage"},"thumbnailUrl":"https:\/\/zauner.at\/wp-content\/uploads\/2024\/06\/zauner-news-Ansicht-vorne-Mitarbeiter-Residenz-Konditorei-Zauner-1-800x1030-1.jpeg","articleSection":["news"],"inLanguage":"en-GB"},{"@type":"WebPage","@id":"https:\/\/zauner.at\/zauner-mitarbeiter-residenz-bezugsbereit\/","url":"https:\/\/zauner.at\/zauner-mitarbeiter-residenz-bezugsbereit\/","name":"Zauner employee residence ready for occupancy! - Zauner","isPartOf":{"@id":"https:\/\/zauner.at\/#website"},"primaryImageOfPage":{"@id":"https:\/\/zauner.at\/zauner-mitarbeiter-residenz-bezugsbereit\/#primaryimage"},"image":{"@id":"https:\/\/zauner.at\/zauner-mitarbeiter-residenz-bezugsbereit\/#primaryimage"},"thumbnailUrl":"https:\/\/zauner.at\/wp-content\/uploads\/2024\/06\/zauner-news-Ansicht-vorne-Mitarbeiter-Residenz-Konditorei-Zauner-1-800x1030-1.jpeg","datePublished":"2022-06-13T13:08:51+00:00","dateModified":"2024-08-21T09:33:02+00:00","description":"The Zauner employee residence is ready for occupancy! Modern living space for the team \u2013 a milestone for comfort &amp; future security.","breadcrumb":{"@id":"https:\/\/zauner.at\/zauner-mitarbeiter-residenz-bezugsbereit\/#breadcrumb"},"inLanguage":"en-GB","potentialAction":[{"@type":"ReadAction","target":["https:\/\/zauner.at\/zauner-mitarbeiter-residenz-bezugsbereit\/"]}]},{"@type":"ImageObject","inLanguage":"en-GB","@id":"https:\/\/zauner.at\/zauner-mitarbeiter-residenz-bezugsbereit\/#primaryimage","url":"https:\/\/zauner.at\/wp-content\/uploads\/2024\/06\/zauner-news-Ansicht-vorne-Mitarbeiter-Residenz-Konditorei-Zauner-1-800x1030-1.jpeg","contentUrl":"https:\/\/zauner.at\/wp-content\/uploads\/2024\/06\/zauner-news-Ansicht-vorne-Mitarbeiter-Residenz-Konditorei-Zauner-1-800x1030-1.jpeg","width":800,"height":1030,"caption":"Au\u00dfenansicht von Vorne der Mitarbeiter Residenz der Konditorei Zauner."},{"@type":"BreadcrumbList","@id":"https:\/\/zauner.at\/zauner-mitarbeiter-residenz-bezugsbereit\/#breadcrumb","itemListElement":[{"@type":"ListItem","position":1,"name":"Startseite","item":"https:\/\/zauner.at\/"},{"@type":"ListItem","position":2,"name":"Zauner-Mitarbeiter-Residenz bezugsbereit!"}]},{"@type":"WebSite","@id":"https:\/\/zauner.at\/#website","url":"https:\/\/zauner.at\/","name":"Konditorei Zauner","description":"pastry shop","publisher":{"@id":"https:\/\/zauner.at\/#organization"},"potentialAction":[{"@type":"SearchAction","target":{"@type":"EntryPoint","urlTemplate":"https:\/\/zauner.at\/?s={search_term_string}"},"query-input":{"@type":"PropertyValueSpecification","valueRequired":true,"valueName":"search_term_string"}}],"inLanguage":"en-GB"},{"@type":"Organization","@id":"https:\/\/zauner.at\/#organization","name":"Konditorei Zauner","url":"https:\/\/zauner.at\/","logo":{"@type":"ImageObject","inLanguage":"en-GB","@id":"https:\/\/zauner.at\/#\/schema\/logo\/image\/","url":"https:\/\/zauner.at\/wp-content\/uploads\/2025\/02\/zauner-logo.png","contentUrl":"https:\/\/zauner.at\/wp-content\/uploads\/2025\/02\/zauner-logo.png","width":160,"height":142,"caption":"Konditorei Zauner"},"image":{"@id":"https:\/\/zauner.at\/#\/schema\/logo\/image\/"},"sameAs":["https:\/\/www.facebook.com\/p\/Konditorei-Kaffee-Zauner-Bad-Ischl-100057212599739\/","https:\/\/www.instagram.com\/zaunerkaffeekonditorei\/","https:\/\/at.linkedin.com\/company\/konditorei-kaffee-zauner?trk=public_profile_experience-group-header"]},{"@type":"Person","@id":"https:\/\/zauner.at\/#\/schema\/person\/5316bb2b3fa5f0c0ebacb7426f8b8d42","name":"Yvonne","url":"https:\/\/zauner.at\/en\/author\/yvan\/"}]}},"_links":{"self":[{"href":"https:\/\/zauner.at\/en\/wp-json\/wp\/v2\/posts\/561","targetHints":{"allow":["GET"]}}],"collection":[{"href":"https:\/\/zauner.at\/en\/wp-json\/wp\/v2\/posts"}],"about":[{"href":"https:\/\/zauner.at\/en\/wp-json\/wp\/v2\/types\/post"}],"author":[{"embeddable":true,"href":"https:\/\/zauner.at\/en\/wp-json\/wp\/v2\/users\/2"}],"replies":[{"embeddable":true,"href":"https:\/\/zauner.at\/en\/wp-json\/wp\/v2\/comments?post=561"}],"version-history":[{"count":0,"href":"https:\/\/zauner.at\/en\/wp-json\/wp\/v2\/posts\/561\/revisions"}],"wp:featuredmedia":[{"embeddable":true,"href":"https:\/\/zauner.at\/en\/wp-json\/wp\/v2\/media\/484"}],"wp:attachment":[{"href":"https:\/\/zauner.at\/en\/wp-json\/wp\/v2\/media?parent=561"}],"wp:term":[{"taxonomy":"category","embeddable":true,"href":"https:\/\/zauner.at\/en\/wp-json\/wp\/v2\/categories?post=561"},{"taxonomy":"post_tag","embeddable":true,"href":"https:\/\/zauner.at\/en\/wp-json\/wp\/v2\/tags?post=561"}],"curies":[{"name":"wp","href":"https:\/\/api.w.org\/{rel}","templated":true}]}}