{"id":527,"date":"2018-11-22T14:19:20","date_gmt":"2018-11-22T13:19:20","guid":{"rendered":"https:\/\/zauner.at\/?p=527"},"modified":"2024-08-21T11:53:19","modified_gmt":"2024-08-21T09:53:19","slug":"caesar-advertising-award-2018-went-to-bad-ischl-for-the-first-time","status":"publish","type":"post","link":"https:\/\/zauner.at\/en\/caesar-werbepreis-2018-ging-erstmals-nach-bad-ischl\/","title":{"rendered":"CAESAR Advertising Award 2018 went to Bad Ischl for the first time"},"content":{"rendered":"<p>For the concept and its implementation \u201cWorkers in the Tunnel\u201d, the Zauner confectionery shop in Bad Ischl and the photographer Daniel Leitner were awarded Austria\u2019s largest advertising prize.<\/p>\n<p>The Zauner confectionery shop in Bad Ischl commissioned Leitner Daniel to design a banner with strong content to inform customers about the renovation of the main store, &quot;if possible with a wink,&quot; says Philipp Zauner. &quot;Due to the renovation of the main store, many guests found themselves in front of closed doors. We wanted to set an accent, to bring a smile to the unhappy faces,&quot; Zauner continues.<\/p>\n<p>The theme \"workers in the Stollen\" was used ambiguously. A hollowed-out Zaunerstollen serves as a metaphor for the construction site. \"The workers go into the tunnel, so to speak, to complete the reconstruction,\" says Leitner. The image is not, as one might think, a digital montage, but was planned down to the last detail and then photographed.<\/p>\n<p>The Upper Austrian Caesar advertising award is presented by the WKO (Advertising and Marketing Communications Section) for Upper Austria and is the largest advertising award in Austria in terms of entries. The celebratory award show with around 1,000 guests from business, advertising and politics took place on November 22nd in the Design Center in Linz. Here, Leitner Daniel as the award winner and Philipp Zauner as the client from the Zauner confectionery accepted the Caesar in bronze.<\/p>\n<p>The painting \u201cWorkers in the Tunnel\u201d was on display this summer in the exhibition \u201cAmbient Works\u201d in the town hall of Bad Ischl.<\/p>","protected":false},"excerpt":{"rendered":"<p>F\u00fcr das Konzept und dessen Umsetzung \u201eArbeiter im Stollen\u201c wurden die Konditorei Zauner, Bad Ischl, und der Fotograf Daniel Leitner mit dem gr\u00f6\u00dften Werbepreis \u00d6sterreichs ausgezeichnet. Die Konditorei Zauner aus Bad Ischl beauftragte Leitner Daniel einen inhaltsstarken Banner zu entwerfen, der die Kunden vom Umbau des Stammhauses informieren soll, \u201ewenn m\u00f6glich mit einem Augenzwinkern\u201c, so [&hellip;]<\/p>\n","protected":false},"author":2,"featured_media":416,"comment_status":"closed","ping_status":"closed","sticky":false,"template":"","format":"standard","meta":{"_acf_changed":false,"footnotes":""},"categories":[576],"tags":[],"class_list":["post-527","post","type-post","status-publish","format-standard","has-post-thumbnail","hentry","category-news"],"acf":[],"yoast_head":"<!-- This site is optimized with the Yoast SEO plugin v27.4 - https:\/\/yoast.com\/product\/yoast-seo-wordpress\/ -->\n<title>CAESAR Werbepreis 2018 ging erstmals nach Bad Ischl - Zauner<\/title>\n<meta name=\"description\" content=\"Der Caesar Werbepreis 2018 ging erstmals nach Bad Ischl \u2013 eine besondere Anerkennung f\u00fcr herausragende Werbekreativit\u00e4t.\" \/>\n<meta name=\"robots\" content=\"index, follow, max-snippet:-1, max-image-preview:large, max-video-preview:-1\" \/>\n<link rel=\"canonical\" href=\"https:\/\/zauner.at\/en\/caesar-advertising-award-2018-went-to-bad-ischl-for-the-first-time\/\" \/>\n<meta property=\"og:locale\" content=\"en_GB\" \/>\n<meta property=\"og:type\" content=\"article\" \/>\n<meta property=\"og:title\" content=\"CAESAR Werbepreis 2018 ging erstmals nach Bad Ischl - Zauner\" \/>\n<meta property=\"og:description\" content=\"Der Caesar Werbepreis 2018 ging erstmals nach Bad Ischl \u2013 eine besondere Anerkennung f\u00fcr herausragende Werbekreativit\u00e4t.\" \/>\n<meta property=\"og:url\" content=\"https:\/\/zauner.at\/en\/caesar-advertising-award-2018-went-to-bad-ischl-for-the-first-time\/\" \/>\n<meta property=\"og:site_name\" content=\"Zauner\" \/>\n<meta property=\"article:publisher\" content=\"https:\/\/www.facebook.com\/p\/Konditorei-Kaffee-Zauner-Bad-Ischl-100057212599739\/\" \/>\n<meta property=\"article:published_time\" content=\"2018-11-22T13:19:20+00:00\" \/>\n<meta property=\"article:modified_time\" content=\"2024-08-21T09:53:19+00:00\" \/>\n<meta property=\"og:image\" content=\"https:\/\/zauner.at\/wp-content\/uploads\/2024\/06\/zauner-caesar-werbepreis-preisverleihung-leitner-zauner.jpg\" \/>\n\t<meta property=\"og:image:width\" content=\"566\" \/>\n\t<meta property=\"og:image:height\" content=\"562\" \/>\n\t<meta property=\"og:image:type\" content=\"image\/jpeg\" \/>\n<meta name=\"author\" content=\"Yvonne\" \/>\n<meta name=\"twitter:card\" content=\"summary_large_image\" \/>\n<meta name=\"twitter:label1\" content=\"Written by\" \/>\n\t<meta name=\"twitter:data1\" content=\"Yvonne\" \/>\n\t<meta name=\"twitter:label2\" content=\"Estimated reading time\" \/>\n\t<meta name=\"twitter:data2\" content=\"1 minute\" \/>\n<script type=\"application\/ld+json\" class=\"yoast-schema-graph\">{\"@context\":\"https:\\\/\\\/schema.org\",\"@graph\":[{\"@type\":[\"Article\",\"BlogPosting\"],\"@id\":\"https:\\\/\\\/zauner.at\\\/caesar-werbepreis-2018-ging-erstmals-nach-bad-ischl\\\/#article\",\"isPartOf\":{\"@id\":\"https:\\\/\\\/zauner.at\\\/caesar-werbepreis-2018-ging-erstmals-nach-bad-ischl\\\/\"},\"author\":{\"name\":\"Yvonne\",\"@id\":\"https:\\\/\\\/zauner.at\\\/#\\\/schema\\\/person\\\/5316bb2b3fa5f0c0ebacb7426f8b8d42\"},\"headline\":\"CAESAR Werbepreis 2018 ging erstmals nach Bad Ischl\",\"datePublished\":\"2018-11-22T13:19:20+00:00\",\"dateModified\":\"2024-08-21T09:53:19+00:00\",\"mainEntityOfPage\":{\"@id\":\"https:\\\/\\\/zauner.at\\\/caesar-werbepreis-2018-ging-erstmals-nach-bad-ischl\\\/\"},\"wordCount\":246,\"publisher\":{\"@id\":\"https:\\\/\\\/zauner.at\\\/#organization\"},\"image\":{\"@id\":\"https:\\\/\\\/zauner.at\\\/caesar-werbepreis-2018-ging-erstmals-nach-bad-ischl\\\/#primaryimage\"},\"thumbnailUrl\":\"https:\\\/\\\/zauner.at\\\/wp-content\\\/uploads\\\/2024\\\/06\\\/zauner-caesar-werbepreis-preisverleihung-leitner-zauner.jpg\",\"articleSection\":[\"news\"],\"inLanguage\":\"en-GB\"},{\"@type\":\"WebPage\",\"@id\":\"https:\\\/\\\/zauner.at\\\/caesar-werbepreis-2018-ging-erstmals-nach-bad-ischl\\\/\",\"url\":\"https:\\\/\\\/zauner.at\\\/caesar-werbepreis-2018-ging-erstmals-nach-bad-ischl\\\/\",\"name\":\"CAESAR Werbepreis 2018 ging erstmals nach Bad Ischl - Zauner\",\"isPartOf\":{\"@id\":\"https:\\\/\\\/zauner.at\\\/#website\"},\"primaryImageOfPage\":{\"@id\":\"https:\\\/\\\/zauner.at\\\/caesar-werbepreis-2018-ging-erstmals-nach-bad-ischl\\\/#primaryimage\"},\"image\":{\"@id\":\"https:\\\/\\\/zauner.at\\\/caesar-werbepreis-2018-ging-erstmals-nach-bad-ischl\\\/#primaryimage\"},\"thumbnailUrl\":\"https:\\\/\\\/zauner.at\\\/wp-content\\\/uploads\\\/2024\\\/06\\\/zauner-caesar-werbepreis-preisverleihung-leitner-zauner.jpg\",\"datePublished\":\"2018-11-22T13:19:20+00:00\",\"dateModified\":\"2024-08-21T09:53:19+00:00\",\"description\":\"Der Caesar Werbepreis 2018 ging erstmals nach Bad Ischl \u2013 eine besondere Anerkennung f\u00fcr herausragende Werbekreativit\u00e4t.\",\"breadcrumb\":{\"@id\":\"https:\\\/\\\/zauner.at\\\/caesar-werbepreis-2018-ging-erstmals-nach-bad-ischl\\\/#breadcrumb\"},\"inLanguage\":\"en-GB\",\"potentialAction\":[{\"@type\":\"ReadAction\",\"target\":[\"https:\\\/\\\/zauner.at\\\/caesar-werbepreis-2018-ging-erstmals-nach-bad-ischl\\\/\"]}]},{\"@type\":\"ImageObject\",\"inLanguage\":\"en-GB\",\"@id\":\"https:\\\/\\\/zauner.at\\\/caesar-werbepreis-2018-ging-erstmals-nach-bad-ischl\\\/#primaryimage\",\"url\":\"https:\\\/\\\/zauner.at\\\/wp-content\\\/uploads\\\/2024\\\/06\\\/zauner-caesar-werbepreis-preisverleihung-leitner-zauner.jpg\",\"contentUrl\":\"https:\\\/\\\/zauner.at\\\/wp-content\\\/uploads\\\/2024\\\/06\\\/zauner-caesar-werbepreis-preisverleihung-leitner-zauner.jpg\",\"width\":566,\"height\":562,\"caption\":\"Zauner Caesar Werbepreis Preisverleihung Leitner Zauner\"},{\"@type\":\"BreadcrumbList\",\"@id\":\"https:\\\/\\\/zauner.at\\\/caesar-werbepreis-2018-ging-erstmals-nach-bad-ischl\\\/#breadcrumb\",\"itemListElement\":[{\"@type\":\"ListItem\",\"position\":1,\"name\":\"Startseite\",\"item\":\"https:\\\/\\\/zauner.at\\\/\"},{\"@type\":\"ListItem\",\"position\":2,\"name\":\"CAESAR Werbepreis 2018 ging erstmals nach Bad Ischl\"}]},{\"@type\":\"WebSite\",\"@id\":\"https:\\\/\\\/zauner.at\\\/#website\",\"url\":\"https:\\\/\\\/zauner.at\\\/\",\"name\":\"Konditorei Zauner\",\"description\":\"Konditorei\",\"publisher\":{\"@id\":\"https:\\\/\\\/zauner.at\\\/#organization\"},\"potentialAction\":[{\"@type\":\"SearchAction\",\"target\":{\"@type\":\"EntryPoint\",\"urlTemplate\":\"https:\\\/\\\/zauner.at\\\/?s={search_term_string}\"},\"query-input\":{\"@type\":\"PropertyValueSpecification\",\"valueRequired\":true,\"valueName\":\"search_term_string\"}}],\"inLanguage\":\"en-GB\"},{\"@type\":\"Organization\",\"@id\":\"https:\\\/\\\/zauner.at\\\/#organization\",\"name\":\"Konditorei Zauner\",\"url\":\"https:\\\/\\\/zauner.at\\\/\",\"logo\":{\"@type\":\"ImageObject\",\"inLanguage\":\"en-GB\",\"@id\":\"https:\\\/\\\/zauner.at\\\/#\\\/schema\\\/logo\\\/image\\\/\",\"url\":\"https:\\\/\\\/zauner.at\\\/wp-content\\\/uploads\\\/2025\\\/02\\\/zauner-logo.png\",\"contentUrl\":\"https:\\\/\\\/zauner.at\\\/wp-content\\\/uploads\\\/2025\\\/02\\\/zauner-logo.png\",\"width\":160,\"height\":142,\"caption\":\"Konditorei Zauner\"},\"image\":{\"@id\":\"https:\\\/\\\/zauner.at\\\/#\\\/schema\\\/logo\\\/image\\\/\"},\"sameAs\":[\"https:\\\/\\\/www.facebook.com\\\/p\\\/Konditorei-Kaffee-Zauner-Bad-Ischl-100057212599739\\\/\",\"https:\\\/\\\/www.instagram.com\\\/zaunerkaffeekonditorei\\\/\",\"https:\\\/\\\/at.linkedin.com\\\/company\\\/konditorei-kaffee-zauner?trk=public_profile_experience-group-header\"]},{\"@type\":\"Person\",\"@id\":\"https:\\\/\\\/zauner.at\\\/#\\\/schema\\\/person\\\/5316bb2b3fa5f0c0ebacb7426f8b8d42\",\"name\":\"Yvonne\",\"url\":\"https:\\\/\\\/zauner.at\\\/en\\\/author\\\/yvan\\\/\"}]}<\/script>\n<!-- \/ Yoast SEO plugin. -->","yoast_head_json":{"title":"CAESAR Advertising Award 2018 went to Bad Ischl for the first time - Zauner","description":"The Caesar Advertising Award 2018 went to Bad Ischl for the first time \u2013 a special recognition for outstanding advertising creativity.","robots":{"index":"index","follow":"follow","max-snippet":"max-snippet:-1","max-image-preview":"max-image-preview:large","max-video-preview":"max-video-preview:-1"},"canonical":"https:\/\/zauner.at\/en\/caesar-advertising-award-2018-went-to-bad-ischl-for-the-first-time\/","og_locale":"en_GB","og_type":"article","og_title":"CAESAR Werbepreis 2018 ging erstmals nach Bad Ischl - Zauner","og_description":"Der Caesar Werbepreis 2018 ging erstmals nach Bad Ischl \u2013 eine besondere Anerkennung f\u00fcr herausragende Werbekreativit\u00e4t.","og_url":"https:\/\/zauner.at\/en\/caesar-advertising-award-2018-went-to-bad-ischl-for-the-first-time\/","og_site_name":"Zauner","article_publisher":"https:\/\/www.facebook.com\/p\/Konditorei-Kaffee-Zauner-Bad-Ischl-100057212599739\/","article_published_time":"2018-11-22T13:19:20+00:00","article_modified_time":"2024-08-21T09:53:19+00:00","og_image":[{"width":566,"height":562,"url":"https:\/\/zauner.at\/wp-content\/uploads\/2024\/06\/zauner-caesar-werbepreis-preisverleihung-leitner-zauner.jpg","type":"image\/jpeg"}],"author":"Yvonne","twitter_card":"summary_large_image","twitter_misc":{"Written by":"Yvonne","Estimated reading time":"1 minute"},"schema":{"@context":"https:\/\/schema.org","@graph":[{"@type":["Article","BlogPosting"],"@id":"https:\/\/zauner.at\/caesar-werbepreis-2018-ging-erstmals-nach-bad-ischl\/#article","isPartOf":{"@id":"https:\/\/zauner.at\/caesar-werbepreis-2018-ging-erstmals-nach-bad-ischl\/"},"author":{"name":"Yvonne","@id":"https:\/\/zauner.at\/#\/schema\/person\/5316bb2b3fa5f0c0ebacb7426f8b8d42"},"headline":"CAESAR Werbepreis 2018 ging erstmals nach Bad Ischl","datePublished":"2018-11-22T13:19:20+00:00","dateModified":"2024-08-21T09:53:19+00:00","mainEntityOfPage":{"@id":"https:\/\/zauner.at\/caesar-werbepreis-2018-ging-erstmals-nach-bad-ischl\/"},"wordCount":246,"publisher":{"@id":"https:\/\/zauner.at\/#organization"},"image":{"@id":"https:\/\/zauner.at\/caesar-werbepreis-2018-ging-erstmals-nach-bad-ischl\/#primaryimage"},"thumbnailUrl":"https:\/\/zauner.at\/wp-content\/uploads\/2024\/06\/zauner-caesar-werbepreis-preisverleihung-leitner-zauner.jpg","articleSection":["news"],"inLanguage":"en-GB"},{"@type":"WebPage","@id":"https:\/\/zauner.at\/caesar-werbepreis-2018-ging-erstmals-nach-bad-ischl\/","url":"https:\/\/zauner.at\/caesar-werbepreis-2018-ging-erstmals-nach-bad-ischl\/","name":"CAESAR Advertising Award 2018 went to Bad Ischl for the first time - Zauner","isPartOf":{"@id":"https:\/\/zauner.at\/#website"},"primaryImageOfPage":{"@id":"https:\/\/zauner.at\/caesar-werbepreis-2018-ging-erstmals-nach-bad-ischl\/#primaryimage"},"image":{"@id":"https:\/\/zauner.at\/caesar-werbepreis-2018-ging-erstmals-nach-bad-ischl\/#primaryimage"},"thumbnailUrl":"https:\/\/zauner.at\/wp-content\/uploads\/2024\/06\/zauner-caesar-werbepreis-preisverleihung-leitner-zauner.jpg","datePublished":"2018-11-22T13:19:20+00:00","dateModified":"2024-08-21T09:53:19+00:00","description":"The Caesar Advertising Award 2018 went to Bad Ischl for the first time \u2013 a special recognition for outstanding advertising creativity.","breadcrumb":{"@id":"https:\/\/zauner.at\/caesar-werbepreis-2018-ging-erstmals-nach-bad-ischl\/#breadcrumb"},"inLanguage":"en-GB","potentialAction":[{"@type":"ReadAction","target":["https:\/\/zauner.at\/caesar-werbepreis-2018-ging-erstmals-nach-bad-ischl\/"]}]},{"@type":"ImageObject","inLanguage":"en-GB","@id":"https:\/\/zauner.at\/caesar-werbepreis-2018-ging-erstmals-nach-bad-ischl\/#primaryimage","url":"https:\/\/zauner.at\/wp-content\/uploads\/2024\/06\/zauner-caesar-werbepreis-preisverleihung-leitner-zauner.jpg","contentUrl":"https:\/\/zauner.at\/wp-content\/uploads\/2024\/06\/zauner-caesar-werbepreis-preisverleihung-leitner-zauner.jpg","width":566,"height":562,"caption":"Zauner Caesar Werbepreis Preisverleihung Leitner Zauner"},{"@type":"BreadcrumbList","@id":"https:\/\/zauner.at\/caesar-werbepreis-2018-ging-erstmals-nach-bad-ischl\/#breadcrumb","itemListElement":[{"@type":"ListItem","position":1,"name":"Startseite","item":"https:\/\/zauner.at\/"},{"@type":"ListItem","position":2,"name":"CAESAR Werbepreis 2018 ging erstmals nach Bad Ischl"}]},{"@type":"WebSite","@id":"https:\/\/zauner.at\/#website","url":"https:\/\/zauner.at\/","name":"Konditorei Zauner","description":"pastry shop","publisher":{"@id":"https:\/\/zauner.at\/#organization"},"potentialAction":[{"@type":"SearchAction","target":{"@type":"EntryPoint","urlTemplate":"https:\/\/zauner.at\/?s={search_term_string}"},"query-input":{"@type":"PropertyValueSpecification","valueRequired":true,"valueName":"search_term_string"}}],"inLanguage":"en-GB"},{"@type":"Organization","@id":"https:\/\/zauner.at\/#organization","name":"Konditorei Zauner","url":"https:\/\/zauner.at\/","logo":{"@type":"ImageObject","inLanguage":"en-GB","@id":"https:\/\/zauner.at\/#\/schema\/logo\/image\/","url":"https:\/\/zauner.at\/wp-content\/uploads\/2025\/02\/zauner-logo.png","contentUrl":"https:\/\/zauner.at\/wp-content\/uploads\/2025\/02\/zauner-logo.png","width":160,"height":142,"caption":"Konditorei Zauner"},"image":{"@id":"https:\/\/zauner.at\/#\/schema\/logo\/image\/"},"sameAs":["https:\/\/www.facebook.com\/p\/Konditorei-Kaffee-Zauner-Bad-Ischl-100057212599739\/","https:\/\/www.instagram.com\/zaunerkaffeekonditorei\/","https:\/\/at.linkedin.com\/company\/konditorei-kaffee-zauner?trk=public_profile_experience-group-header"]},{"@type":"Person","@id":"https:\/\/zauner.at\/#\/schema\/person\/5316bb2b3fa5f0c0ebacb7426f8b8d42","name":"Yvonne","url":"https:\/\/zauner.at\/en\/author\/yvan\/"}]}},"_links":{"self":[{"href":"https:\/\/zauner.at\/en\/wp-json\/wp\/v2\/posts\/527","targetHints":{"allow":["GET"]}}],"collection":[{"href":"https:\/\/zauner.at\/en\/wp-json\/wp\/v2\/posts"}],"about":[{"href":"https:\/\/zauner.at\/en\/wp-json\/wp\/v2\/types\/post"}],"author":[{"embeddable":true,"href":"https:\/\/zauner.at\/en\/wp-json\/wp\/v2\/users\/2"}],"replies":[{"embeddable":true,"href":"https:\/\/zauner.at\/en\/wp-json\/wp\/v2\/comments?post=527"}],"version-history":[{"count":0,"href":"https:\/\/zauner.at\/en\/wp-json\/wp\/v2\/posts\/527\/revisions"}],"wp:featuredmedia":[{"embeddable":true,"href":"https:\/\/zauner.at\/en\/wp-json\/wp\/v2\/media\/416"}],"wp:attachment":[{"href":"https:\/\/zauner.at\/en\/wp-json\/wp\/v2\/media?parent=527"}],"wp:term":[{"taxonomy":"category","embeddable":true,"href":"https:\/\/zauner.at\/en\/wp-json\/wp\/v2\/categories?post=527"},{"taxonomy":"post_tag","embeddable":true,"href":"https:\/\/zauner.at\/en\/wp-json\/wp\/v2\/tags?post=527"}],"curies":[{"name":"wp","href":"https:\/\/api.w.org\/{rel}","templated":true}]}}