{"id":231715,"date":"2026-09-02T09:17:56","date_gmt":"2026-09-02T07:17:56","guid":{"rendered":"https:\/\/zauner.at\/?p=231715"},"modified":"2026-09-02T09:19:15","modified_gmt":"2026-09-02T07:19:15","slug":"very-best-of-zauner-k-u-k-hofzuckerbaeckerei-eroeffnet-ersten-standort-ausserhalb-bad-ischls","status":"publish","type":"post","link":"https:\/\/zauner.at\/en\/very-best-of-zauner-k-u-k-hofzuckerbaeckerei-eroeffnet-ersten-standort-ausserhalb-bad-ischls\/","title":{"rendered":"\u201eVery best of Zauner\u201c: k.uk Hofzuckerb\u00e4ckerei opens its first location outside Bad Ischl"},"content":{"rendered":"<p>Bad Ischl \/ Innsbruck \u2013 A sweet premiere after almost 200 years of preparation: The Imperial and Royal Court Confectionery Zauner opened its pop-up store today in Innsbruck&#039;s new DAS RAIQA district. This marks the first time in its history that the traditional company has its own location outside of Bad Ischl. Around 60 products \u2013 a &quot;very best of Zauner&quot; \u2013 as well as a constantly changing selection of seasonal specialties are now available in the 40 m\u00b2 space. Zauner will remain as the first pop-up tenant in DAS RAIQA until the end of January 2027.<\/p>\n<p>That the people of Innsbruck had clearly been waiting for Zauner was evident even before the official opening. &quot;While we were still setting up the store, the first passersby already wanted to shop with us,&quot; says Philipp Zauner, who runs the family business in its seventh generation. &quot;We couldn&#039;t have wished for a better welcome in Innsbruck.&quot;\u201e<\/p>\n<p><strong>60 sweet reasons to visit<\/strong><br \/>\nThe pop-up store&#039;s selection includes around 60 of Bad Ischl&#039;s most popular specialties \u2013 most notably the legendary Zaunerstollen, along with confectionery, pastries, and other classic products. Production continues exclusively at the Zauner bakery in Bad Ischl, with deliveries made from there to Innsbruck.<\/p>\n<p>A special reason to keep coming back is the seasonal highlights that constantly expand the product range. Around All Saints&#039; Day, for example, a very special All Saints&#039; Day Striezel (a type of sweet bread) arrives in Tyrol: refined with caramelized walnuts and candied fruit. From October onwards, the famous Zauner Advent calendars and artfully crafted gingerbread witch&#039;s houses also find their way into the store. Towards the turn of the year, further specialties and the traditional New Year&#039;s lucky charms follow.<\/p>\n<p>\u201eWe don\u2019t just want to bring a fixed product range to Innsbruck, but rather constantly create new reasons for people to visit us,\u201c says Zauner. \u201eThose who come today and then again a few weeks later will discover something new.\u201c Plus: A showpiece demonstrates the high level of craftsmanship at the Bad Ischl manufactory.<\/p>\n<p><strong>Innsbruck is not unfamiliar territory for Philipp Zauner.<\/strong><br \/>\nThe choice of Innsbruck for the premiere outside of Bad Ischl has several reasons. With its central location and modern concept, DAS RAIQA offers ideal conditions for presenting Zauner to a new audience. But a personal connection also played a role in the decision: Philipp Zauner himself studied in Innsbruck and has always felt very much at home in the city.<\/p>\n<p>\u201eInnsbruck is therefore not just any city for me. I spent an important time in my life here and have very positive memories of it,\u201c says Zauner. \u201eWhen this extraordinary opportunity arose, many things fell into place: the location, the concept \u2013 and my personal connection to Innsbruck.\u201c<\/p>\n<p>Since its founding in 1832, Zauner has stood for Austrian coffeehouse and pastry culture, masterful confectionery artistry, and above all, handcrafted quality. All products are created with extensive experience and meticulous attention to detail in Bad Ischl. With the pop-up store, this tradition now comes to Tyrol.<\/p>\n<p><strong>Tradition meets urban Innsbruck<\/strong><br \/>\n\u201eZauner and Innsbruck \u2013 it\u2019s a perfect match: tradition meets alpine urbanity. We warmly welcome this historic company. The fact that it attracts big names and brands to Innsbruck demonstrates the appeal and attractiveness of our city,\u201c says Mayor Johannes Anzengruber.<\/p>\n<p>Zauner, as a pop-up tenant, is also a very special addition to the mix of businesses at RAIQA. &quot;Tradition, craftsmanship, and a high-quality product experience meet a modern, urban environment here. This is now enriched by a sweet touch with specialties from Bad Ischl,&quot; says Thomas Wass, CEO of Raiffeisen-Landesbank Tirol.<\/p>\n<p><strong>Grand opening on September 1st<\/strong><br \/>\nOn September 1st, the new location on the ground floor of the RAIQA building was officially opened. For Zauner, this marks the beginning of a new chapter in its 194th year of business \u2013 initially as a pilot project until the end of January 2027. &quot;We are very excited to see how the people of Innsbruck and the numerous tourists receive our offerings. The initial reactions while we were setting up have certainly whetted our appetite for more,&quot; says Philipp Zauner.<\/p>","protected":false},"excerpt":{"rendered":"<p>Bad Ischl \/ Innsbruck- Eine s\u00fc\u00dfe Premiere mit fast 200 Jahren Anlauf: Die k.u.k. Hofzuckerb\u00e4ckerei Zauner hat heute ihren Pop-up-Store im neuen Innsbrucker Quartier DAS RAIQA er\u00f6ffnet. Damit ist das traditionsreiche Haus erstmals in seiner Geschichte mit einem eigenen Standort au\u00dferhalb von Bad Ischl vertreten. Auf 40 m\u00b2 sind ab sofort rund 60 Produkte &#8211; [&hellip;]<\/p>\n","protected":false},"author":9796,"featured_media":231716,"comment_status":"closed","ping_status":"closed","sticky":false,"template":"","format":"standard","meta":{"_acf_changed":false,"footnotes":""},"categories":[576],"tags":[2840,2841,2977,2975,2845,2934,2857,2972,2973,2848,2844,2976,2974,2856],"class_list":["post-231715","post","type-post","status-publish","format-standard","has-post-thumbnail","hentry","category-news","tag-bad-ischl","tag-haselnussschokolade","tag-innsbruck-zauner","tag-ischler-toertchen","tag-konditorei-zauner","tag-konditorei-kaffee-zauenr","tag-konditorei-kaffee-zauner","tag-pop-up-store","tag-pop-up-store-zauner","tag-tradition","tag-zauner-bad-ischl","tag-zauner-filiale","tag-zauner-goes-innsbruck","tag-zaunerstollen"],"acf":[],"yoast_head":"<!-- This site is optimized with the Yoast SEO plugin v28.3 - https:\/\/yoast.com\/product\/yoast-seo-wordpress\/ -->\n<title>\u201eVery best of Zauner\u201c: k.u.k. Hofzuckerb\u00e4ckerei er\u00f6ffnet ersten Standort au\u00dferhalb Bad Ischls - Zauner<\/title>\n<meta name=\"robots\" content=\"index, follow, max-snippet:-1, max-image-preview:large, max-video-preview:-1\" \/>\n<link rel=\"canonical\" href=\"https:\/\/zauner.at\/en\/very-best-of-zauner-k-u-k-hofzuckerbaeckerei-eroeffnet-ersten-standort-ausserhalb-bad-ischls\/\" \/>\n<meta property=\"og:locale\" content=\"en_GB\" \/>\n<meta property=\"og:type\" content=\"article\" \/>\n<meta property=\"og:title\" content=\"\u201eVery best of Zauner\u201c: k.u.k. Hofzuckerb\u00e4ckerei er\u00f6ffnet ersten Standort au\u00dferhalb Bad Ischls - Zauner\" \/>\n<meta property=\"og:url\" content=\"https:\/\/zauner.at\/en\/very-best-of-zauner-k-u-k-hofzuckerbaeckerei-eroeffnet-ersten-standort-ausserhalb-bad-ischls\/\" \/>\n<meta property=\"og:site_name\" content=\"Zauner\" \/>\n<meta property=\"article:publisher\" content=\"https:\/\/www.facebook.com\/p\/Konditorei-Kaffee-Zauner-Bad-Ischl-100057212599739\/\" \/>\n<meta property=\"article:published_time\" content=\"2026-09-02T07:17:56+00:00\" \/>\n<meta property=\"article:modified_time\" content=\"2026-09-02T07:19:15+00:00\" \/>\n<meta property=\"og:image\" content=\"https:\/\/zauner.at\/wp-content\/uploads\/2026\/09\/lucajaenichen-260901-zauner-innsbruck-popupstore-8667.jpg\" \/>\n\t<meta property=\"og:image:width\" content=\"2500\" \/>\n\t<meta property=\"og:image:height\" content=\"1667\" \/>\n\t<meta property=\"og:image:type\" content=\"image\/jpeg\" \/>\n<meta name=\"author\" content=\"Daniela Englj\u00e4hringer\" \/>\n<meta name=\"twitter:card\" content=\"summary_large_image\" \/>\n<meta name=\"twitter:label1\" content=\"Written by\" \/>\n\t<meta name=\"twitter:data1\" content=\"Daniela Englj\u00e4hringer\" \/>\n\t<meta name=\"twitter:label2\" content=\"Estimated reading time\" \/>\n\t<meta name=\"twitter:data2\" content=\"3 minutes\" \/>\n<script type=\"application\/ld+json\" class=\"yoast-schema-graph\">{\"@context\":\"https:\\\/\\\/schema.org\",\"@graph\":[{\"@type\":[\"Article\",\"BlogPosting\"],\"@id\":\"https:\\\/\\\/zauner.at\\\/very-best-of-zauner-k-u-k-hofzuckerbaeckerei-eroeffnet-ersten-standort-ausserhalb-bad-ischls\\\/#article\",\"isPartOf\":{\"@id\":\"https:\\\/\\\/zauner.at\\\/very-best-of-zauner-k-u-k-hofzuckerbaeckerei-eroeffnet-ersten-standort-ausserhalb-bad-ischls\\\/\"},\"author\":{\"name\":\"Daniela Englj\u00e4hringer\",\"@id\":\"https:\\\/\\\/zauner.at\\\/#\\\/schema\\\/person\\\/1c28195f6b8e94eb2f8e6e382a067844\"},\"headline\":\"\u201eVery best of Zauner\u201c: k.u.k. Hofzuckerb\u00e4ckerei er\u00f6ffnet ersten Standort au\u00dferhalb Bad Ischls\",\"datePublished\":\"2026-09-02T07:17:56+00:00\",\"dateModified\":\"2026-09-02T07:19:15+00:00\",\"mainEntityOfPage\":{\"@id\":\"https:\\\/\\\/zauner.at\\\/very-best-of-zauner-k-u-k-hofzuckerbaeckerei-eroeffnet-ersten-standort-ausserhalb-bad-ischls\\\/\"},\"wordCount\":669,\"publisher\":{\"@id\":\"https:\\\/\\\/zauner.at\\\/#organization\"},\"image\":{\"@id\":\"https:\\\/\\\/zauner.at\\\/very-best-of-zauner-k-u-k-hofzuckerbaeckerei-eroeffnet-ersten-standort-ausserhalb-bad-ischls\\\/#primaryimage\"},\"thumbnailUrl\":\"https:\\\/\\\/zauner.at\\\/wp-content\\\/uploads\\\/2026\\\/09\\\/lucajaenichen-260901-zauner-innsbruck-popupstore-8667.jpg\",\"keywords\":[\"Bad Ischl\",\"Haselnussschokolade\",\"Innsbruck Zauner\",\"Ischler T\u00f6rtchen\",\"Konditorei Zauner\",\"Konditorei-Kaffee Zauenr\",\"Konditorei-Kaffee Zauner\",\"Pop-Up Store\",\"Pop-Up Store Zauner\",\"Tradition\",\"Zauner Bad Ischl\",\"Zauner Filiale\",\"Zauner goes Innsbruck\",\"Zaunerstollen\"],\"articleSection\":[\"news\"],\"inLanguage\":\"en-GB\"},{\"@type\":\"WebPage\",\"@id\":\"https:\\\/\\\/zauner.at\\\/very-best-of-zauner-k-u-k-hofzuckerbaeckerei-eroeffnet-ersten-standort-ausserhalb-bad-ischls\\\/\",\"url\":\"https:\\\/\\\/zauner.at\\\/very-best-of-zauner-k-u-k-hofzuckerbaeckerei-eroeffnet-ersten-standort-ausserhalb-bad-ischls\\\/\",\"name\":\"\u201eVery best of Zauner\u201c: k.u.k. Hofzuckerb\u00e4ckerei er\u00f6ffnet ersten Standort au\u00dferhalb Bad Ischls - Zauner\",\"isPartOf\":{\"@id\":\"https:\\\/\\\/zauner.at\\\/#website\"},\"primaryImageOfPage\":{\"@id\":\"https:\\\/\\\/zauner.at\\\/very-best-of-zauner-k-u-k-hofzuckerbaeckerei-eroeffnet-ersten-standort-ausserhalb-bad-ischls\\\/#primaryimage\"},\"image\":{\"@id\":\"https:\\\/\\\/zauner.at\\\/very-best-of-zauner-k-u-k-hofzuckerbaeckerei-eroeffnet-ersten-standort-ausserhalb-bad-ischls\\\/#primaryimage\"},\"thumbnailUrl\":\"https:\\\/\\\/zauner.at\\\/wp-content\\\/uploads\\\/2026\\\/09\\\/lucajaenichen-260901-zauner-innsbruck-popupstore-8667.jpg\",\"datePublished\":\"2026-09-02T07:17:56+00:00\",\"dateModified\":\"2026-09-02T07:19:15+00:00\",\"breadcrumb\":{\"@id\":\"https:\\\/\\\/zauner.at\\\/very-best-of-zauner-k-u-k-hofzuckerbaeckerei-eroeffnet-ersten-standort-ausserhalb-bad-ischls\\\/#breadcrumb\"},\"inLanguage\":\"en-GB\",\"potentialAction\":[{\"@type\":\"ReadAction\",\"target\":[\"https:\\\/\\\/zauner.at\\\/very-best-of-zauner-k-u-k-hofzuckerbaeckerei-eroeffnet-ersten-standort-ausserhalb-bad-ischls\\\/\"]}]},{\"@type\":\"ImageObject\",\"inLanguage\":\"en-GB\",\"@id\":\"https:\\\/\\\/zauner.at\\\/very-best-of-zauner-k-u-k-hofzuckerbaeckerei-eroeffnet-ersten-standort-ausserhalb-bad-ischls\\\/#primaryimage\",\"url\":\"https:\\\/\\\/zauner.at\\\/wp-content\\\/uploads\\\/2026\\\/09\\\/lucajaenichen-260901-zauner-innsbruck-popupstore-8667.jpg\",\"contentUrl\":\"https:\\\/\\\/zauner.at\\\/wp-content\\\/uploads\\\/2026\\\/09\\\/lucajaenichen-260901-zauner-innsbruck-popupstore-8667.jpg\",\"width\":2500,\"height\":1667},{\"@type\":\"BreadcrumbList\",\"@id\":\"https:\\\/\\\/zauner.at\\\/very-best-of-zauner-k-u-k-hofzuckerbaeckerei-eroeffnet-ersten-standort-ausserhalb-bad-ischls\\\/#breadcrumb\",\"itemListElement\":[{\"@type\":\"ListItem\",\"position\":1,\"name\":\"Startseite\",\"item\":\"https:\\\/\\\/zauner.at\\\/\"},{\"@type\":\"ListItem\",\"position\":2,\"name\":\"\u201eVery best of Zauner\u201c: k.u.k. Hofzuckerb\u00e4ckerei er\u00f6ffnet ersten Standort au\u00dferhalb Bad Ischls\"}]},{\"@type\":\"WebSite\",\"@id\":\"https:\\\/\\\/zauner.at\\\/#website\",\"url\":\"https:\\\/\\\/zauner.at\\\/\",\"name\":\"Konditorei Zauner\",\"description\":\"Konditorei\",\"publisher\":{\"@id\":\"https:\\\/\\\/zauner.at\\\/#organization\"},\"potentialAction\":[{\"@type\":\"SearchAction\",\"target\":{\"@type\":\"EntryPoint\",\"urlTemplate\":\"https:\\\/\\\/zauner.at\\\/?s={search_term_string}\"},\"query-input\":{\"@type\":\"PropertyValueSpecification\",\"valueRequired\":true,\"valueName\":\"search_term_string\"}}],\"inLanguage\":\"en-GB\"},{\"@type\":\"Organization\",\"@id\":\"https:\\\/\\\/zauner.at\\\/#organization\",\"name\":\"Konditorei Zauner\",\"url\":\"https:\\\/\\\/zauner.at\\\/\",\"logo\":{\"@type\":\"ImageObject\",\"inLanguage\":\"en-GB\",\"@id\":\"https:\\\/\\\/zauner.at\\\/#\\\/schema\\\/logo\\\/image\\\/\",\"url\":\"https:\\\/\\\/zauner.at\\\/wp-content\\\/uploads\\\/2025\\\/02\\\/zauner-logo.png\",\"contentUrl\":\"https:\\\/\\\/zauner.at\\\/wp-content\\\/uploads\\\/2025\\\/02\\\/zauner-logo.png\",\"width\":160,\"height\":142,\"caption\":\"Konditorei Zauner\"},\"image\":{\"@id\":\"https:\\\/\\\/zauner.at\\\/#\\\/schema\\\/logo\\\/image\\\/\"},\"sameAs\":[\"https:\\\/\\\/www.facebook.com\\\/p\\\/Konditorei-Kaffee-Zauner-Bad-Ischl-100057212599739\\\/\",\"https:\\\/\\\/www.instagram.com\\\/zaunerkaffeekonditorei\\\/\",\"https:\\\/\\\/at.linkedin.com\\\/company\\\/konditorei-kaffee-zauner?trk=public_profile_experience-group-header\"]},{\"@type\":\"Person\",\"@id\":\"https:\\\/\\\/zauner.at\\\/#\\\/schema\\\/person\\\/1c28195f6b8e94eb2f8e6e382a067844\",\"name\":\"Daniela Englj\u00e4hringer\",\"url\":\"https:\\\/\\\/zauner.at\\\/en\\\/author\\\/engl\\\/\"}]}<\/script>\n<!-- \/ Yoast SEO plugin. -->","yoast_head_json":{"title":"\u201eVery best of Zauner\u201c: k.u.k. Hofzuckerb\u00e4ckerei er\u00f6ffnet ersten Standort au\u00dferhalb Bad Ischls - Zauner","robots":{"index":"index","follow":"follow","max-snippet":"max-snippet:-1","max-image-preview":"max-image-preview:large","max-video-preview":"max-video-preview:-1"},"canonical":"https:\/\/zauner.at\/en\/very-best-of-zauner-k-u-k-hofzuckerbaeckerei-eroeffnet-ersten-standort-ausserhalb-bad-ischls\/","og_locale":"en_GB","og_type":"article","og_title":"\u201eVery best of Zauner\u201c: k.u.k. Hofzuckerb\u00e4ckerei er\u00f6ffnet ersten Standort au\u00dferhalb Bad Ischls - Zauner","og_url":"https:\/\/zauner.at\/en\/very-best-of-zauner-k-u-k-hofzuckerbaeckerei-eroeffnet-ersten-standort-ausserhalb-bad-ischls\/","og_site_name":"Zauner","article_publisher":"https:\/\/www.facebook.com\/p\/Konditorei-Kaffee-Zauner-Bad-Ischl-100057212599739\/","article_published_time":"2026-09-02T07:17:56+00:00","article_modified_time":"2026-09-02T07:19:15+00:00","og_image":[{"width":2500,"height":1667,"url":"https:\/\/zauner.at\/wp-content\/uploads\/2026\/09\/lucajaenichen-260901-zauner-innsbruck-popupstore-8667.jpg","type":"image\/jpeg"}],"author":"Daniela Englj\u00e4hringer","twitter_card":"summary_large_image","twitter_misc":{"Written by":"Daniela Englj\u00e4hringer","Estimated reading time":"3 minutes"},"schema":{"@context":"https:\/\/schema.org","@graph":[{"@type":["Article","BlogPosting"],"@id":"https:\/\/zauner.at\/very-best-of-zauner-k-u-k-hofzuckerbaeckerei-eroeffnet-ersten-standort-ausserhalb-bad-ischls\/#article","isPartOf":{"@id":"https:\/\/zauner.at\/very-best-of-zauner-k-u-k-hofzuckerbaeckerei-eroeffnet-ersten-standort-ausserhalb-bad-ischls\/"},"author":{"name":"Daniela Englj\u00e4hringer","@id":"https:\/\/zauner.at\/#\/schema\/person\/1c28195f6b8e94eb2f8e6e382a067844"},"headline":"\u201eVery best of Zauner\u201c: k.u.k. Hofzuckerb\u00e4ckerei er\u00f6ffnet ersten Standort au\u00dferhalb Bad Ischls","datePublished":"2026-09-02T07:17:56+00:00","dateModified":"2026-09-02T07:19:15+00:00","mainEntityOfPage":{"@id":"https:\/\/zauner.at\/very-best-of-zauner-k-u-k-hofzuckerbaeckerei-eroeffnet-ersten-standort-ausserhalb-bad-ischls\/"},"wordCount":669,"publisher":{"@id":"https:\/\/zauner.at\/#organization"},"image":{"@id":"https:\/\/zauner.at\/very-best-of-zauner-k-u-k-hofzuckerbaeckerei-eroeffnet-ersten-standort-ausserhalb-bad-ischls\/#primaryimage"},"thumbnailUrl":"https:\/\/zauner.at\/wp-content\/uploads\/2026\/09\/lucajaenichen-260901-zauner-innsbruck-popupstore-8667.jpg","keywords":["Bad Ischl","Haselnussschokolade","Innsbruck Zauner","Ischler T\u00f6rtchen","Konditorei Zauner","Konditorei-Kaffee Zauenr","Konditorei-Kaffee Zauner","Pop-Up Store","Pop-Up Store Zauner","Tradition","Zauner Bad Ischl","Zauner Filiale","Zauner goes Innsbruck","Zaunerstollen"],"articleSection":["news"],"inLanguage":"en-GB"},{"@type":"WebPage","@id":"https:\/\/zauner.at\/very-best-of-zauner-k-u-k-hofzuckerbaeckerei-eroeffnet-ersten-standort-ausserhalb-bad-ischls\/","url":"https:\/\/zauner.at\/very-best-of-zauner-k-u-k-hofzuckerbaeckerei-eroeffnet-ersten-standort-ausserhalb-bad-ischls\/","name":"\u201eVery best of Zauner\u201c: k.u.k. Hofzuckerb\u00e4ckerei er\u00f6ffnet ersten Standort au\u00dferhalb Bad Ischls - Zauner","isPartOf":{"@id":"https:\/\/zauner.at\/#website"},"primaryImageOfPage":{"@id":"https:\/\/zauner.at\/very-best-of-zauner-k-u-k-hofzuckerbaeckerei-eroeffnet-ersten-standort-ausserhalb-bad-ischls\/#primaryimage"},"image":{"@id":"https:\/\/zauner.at\/very-best-of-zauner-k-u-k-hofzuckerbaeckerei-eroeffnet-ersten-standort-ausserhalb-bad-ischls\/#primaryimage"},"thumbnailUrl":"https:\/\/zauner.at\/wp-content\/uploads\/2026\/09\/lucajaenichen-260901-zauner-innsbruck-popupstore-8667.jpg","datePublished":"2026-09-02T07:17:56+00:00","dateModified":"2026-09-02T07:19:15+00:00","breadcrumb":{"@id":"https:\/\/zauner.at\/very-best-of-zauner-k-u-k-hofzuckerbaeckerei-eroeffnet-ersten-standort-ausserhalb-bad-ischls\/#breadcrumb"},"inLanguage":"en-GB","potentialAction":[{"@type":"ReadAction","target":["https:\/\/zauner.at\/very-best-of-zauner-k-u-k-hofzuckerbaeckerei-eroeffnet-ersten-standort-ausserhalb-bad-ischls\/"]}]},{"@type":"ImageObject","inLanguage":"en-GB","@id":"https:\/\/zauner.at\/very-best-of-zauner-k-u-k-hofzuckerbaeckerei-eroeffnet-ersten-standort-ausserhalb-bad-ischls\/#primaryimage","url":"https:\/\/zauner.at\/wp-content\/uploads\/2026\/09\/lucajaenichen-260901-zauner-innsbruck-popupstore-8667.jpg","contentUrl":"https:\/\/zauner.at\/wp-content\/uploads\/2026\/09\/lucajaenichen-260901-zauner-innsbruck-popupstore-8667.jpg","width":2500,"height":1667},{"@type":"BreadcrumbList","@id":"https:\/\/zauner.at\/very-best-of-zauner-k-u-k-hofzuckerbaeckerei-eroeffnet-ersten-standort-ausserhalb-bad-ischls\/#breadcrumb","itemListElement":[{"@type":"ListItem","position":1,"name":"Startseite","item":"https:\/\/zauner.at\/"},{"@type":"ListItem","position":2,"name":"\u201eVery best of Zauner\u201c: k.u.k. Hofzuckerb\u00e4ckerei er\u00f6ffnet ersten Standort au\u00dferhalb Bad Ischls"}]},{"@type":"WebSite","@id":"https:\/\/zauner.at\/#website","url":"https:\/\/zauner.at\/","name":"Konditorei Zauner","description":"pastry shop","publisher":{"@id":"https:\/\/zauner.at\/#organization"},"potentialAction":[{"@type":"SearchAction","target":{"@type":"EntryPoint","urlTemplate":"https:\/\/zauner.at\/?s={search_term_string}"},"query-input":{"@type":"PropertyValueSpecification","valueRequired":true,"valueName":"search_term_string"}}],"inLanguage":"en-GB"},{"@type":"Organization","@id":"https:\/\/zauner.at\/#organization","name":"Konditorei Zauner","url":"https:\/\/zauner.at\/","logo":{"@type":"ImageObject","inLanguage":"en-GB","@id":"https:\/\/zauner.at\/#\/schema\/logo\/image\/","url":"https:\/\/zauner.at\/wp-content\/uploads\/2025\/02\/zauner-logo.png","contentUrl":"https:\/\/zauner.at\/wp-content\/uploads\/2025\/02\/zauner-logo.png","width":160,"height":142,"caption":"Konditorei Zauner"},"image":{"@id":"https:\/\/zauner.at\/#\/schema\/logo\/image\/"},"sameAs":["https:\/\/www.facebook.com\/p\/Konditorei-Kaffee-Zauner-Bad-Ischl-100057212599739\/","https:\/\/www.instagram.com\/zaunerkaffeekonditorei\/","https:\/\/at.linkedin.com\/company\/konditorei-kaffee-zauner?trk=public_profile_experience-group-header"]},{"@type":"Person","@id":"https:\/\/zauner.at\/#\/schema\/person\/1c28195f6b8e94eb2f8e6e382a067844","name":"Daniela Englj\u00e4hringer","url":"https:\/\/zauner.at\/en\/author\/engl\/"}]}},"_links":{"self":[{"href":"https:\/\/zauner.at\/en\/wp-json\/wp\/v2\/posts\/231715","targetHints":{"allow":["GET"]}}],"collection":[{"href":"https:\/\/zauner.at\/en\/wp-json\/wp\/v2\/posts"}],"about":[{"href":"https:\/\/zauner.at\/en\/wp-json\/wp\/v2\/types\/post"}],"author":[{"embeddable":true,"href":"https:\/\/zauner.at\/en\/wp-json\/wp\/v2\/users\/9796"}],"replies":[{"embeddable":true,"href":"https:\/\/zauner.at\/en\/wp-json\/wp\/v2\/comments?post=231715"}],"version-history":[{"count":2,"href":"https:\/\/zauner.at\/en\/wp-json\/wp\/v2\/posts\/231715\/revisions"}],"predecessor-version":[{"id":231725,"href":"https:\/\/zauner.at\/en\/wp-json\/wp\/v2\/posts\/231715\/revisions\/231725"}],"wp:featuredmedia":[{"embeddable":true,"href":"https:\/\/zauner.at\/en\/wp-json\/wp\/v2\/media\/231716"}],"wp:attachment":[{"href":"https:\/\/zauner.at\/en\/wp-json\/wp\/v2\/media?parent=231715"}],"wp:term":[{"taxonomy":"category","embeddable":true,"href":"https:\/\/zauner.at\/en\/wp-json\/wp\/v2\/categories?post=231715"},{"taxonomy":"post_tag","embeddable":true,"href":"https:\/\/zauner.at\/en\/wp-json\/wp\/v2\/tags?post=231715"}],"curies":[{"name":"wp","href":"https:\/\/api.w.org\/{rel}","templated":true}]}}