{"id":224136,"date":"2025-11-17T12:52:52","date_gmt":"2025-11-17T11:52:52","guid":{"rendered":"https:\/\/zauner.at\/?p=224136"},"modified":"2025-12-01T14:14:10","modified_gmt":"2025-12-01T13:14:10","slug":"andreas-schoegl-ist-bad-ischls-erster-schokoladen-sommelier","status":"publish","type":"post","link":"https:\/\/zauner.at\/en\/andreas-schoegl-ist-bad-ischls-erster-schokoladen-sommelier\/","title":{"rendered":"Andreas Sch\u00f6gl ist Bad Ischls erster Schokoladen-Sommelier"},"content":{"rendered":"<p>BAD ISCHL \u2013 Mit Leidenschaft, Fachwissen und einer gro\u00dfen Portion Feingef\u00fchl hat Andreas Sch\u00f6gl, Konditormeister der Konditorei Zauner, Geschichte geschrieben: Er ist der erste ausgebildete Schokoladen-Sommelier aus Bad Ischl. Heuer konnte erstmals auch in \u00d6sterreich die staatlich anerkannte Ausbildung des Schokoladen-Sommeliers bzw. zur Schokoladen-Sommeli\u00e8re f\u00fcr Konditor:innen absolviert werden. Die neue Weiterbildung startete im Februar als Kooperation zwischen der Akademie des Deutschen B\u00e4ckerhandwerks in Weinheim und der Lebensmittelakademie.<\/p>\n<p>Im Rahmen der Projektarbeit hat Andreas Sch\u00f6gl die Leopold-Hasner-Schule in Bad Ischl besucht und die Kinder mit auf eine genussvolle Entdeckungsreise in die Welt der Schokolade genommen. Gemeinsam wurden verschiedene Sorten mit allen Sinnen verkostet. \u201eEs war mir ein gro\u00dfes Anliegen, die Faszination und Vielfalt von Schokolade auf eine spielerische und sinnliche Art zu vermitteln\u201c, so Andreas Sch\u00f6gl. \u201eGerade Kinder reagieren unvoreingenommen und ehrlich \u2013 das machte die Verkostung besonders wertvoll.\u201c<\/p>\n<p>Der engagierte Konditor Andreas Sch\u00f6gl hat somit nicht nur sein eigenes fachliches Repertoire weiterentwickelt, sondern bereichert auch das Sortiment des Hauses Zauner um eine ganz besondere Kreation: Im Rahmen seiner Weiterbildung hat Andreas Sch\u00f6gl eine exklusive Haselnuss-Schokolade entwickelt.<\/p>\n<p>Doch die neue Spezialit\u00e4t ist nicht nur ein Genuss f\u00fcr den Gaumen, sondern auch ein Beitrag f\u00fcr den guten Zweck: Ein Teil des Verkaufserl\u00f6ses wird der Leopold-Hasner-Schule in Bad Ischl zugutekommen. Zudem verdoppelt die Konditorei Zauner den eingenommenen Erl\u00f6s. Damit m\u00f6chte die Konditorei Zauner gemeinsam mit Andreas Sch\u00f6gl soziale Verantwortung \u00fcbernehmen und gezielt Kinder und Jugendliche in der Region unterst\u00fctzen, wie beispielsweise f\u00fcr Logop\u00e4die-Unterricht oder schulische Einrichtungen.<\/p>\n<p>Konditoreigesch\u00e4ftsf\u00fchrer Philipp Zauner zeigt sich stolz: \u201eEs ist beeindruckend, mit welchem Engagement und Innovationsgeist Andreas diese Ausbildung absolviert hat. Dass wir nun die Fr\u00fcchte seiner Arbeit unseren G\u00e4sten pr\u00e4sentieren d\u00fcrfen und gleichzeitig etwas Gutes f\u00fcr Bad Ischl tun, freut uns besonders.\u201c<\/p>\n<p>Die neue Haselnuss-Schokolade ist ab sofort in den Betrieben der Konditorei Zauner sowie im Onlineshop unter www.zauner.at erh\u00e4ltlich \u2013 als besonderer Genussmoment, Geschenkidee und Zeichen gelebter regionaler Verantwortung f\u00fcr die Kinder der Leopold-Hasner-Schule.<\/p>\n<p>Am 21.10.2025 hat Philipp Zauner gemeinsam mit seiner Frau Verena und Schokoladen-Sommelier Andreas Sch\u00f6gl die Leopold-Hasner Schule besucht und die neue Schokolade sowohl der Direktorin Theresa Sch\u00f6gl und den Kindern vorgestellt.<\/p>","protected":false},"excerpt":{"rendered":"<p>BAD ISCHL \u2013 Mit Leidenschaft, Fachwissen und einer gro\u00dfen Portion Feingef\u00fchl hat Andreas Sch\u00f6gl, Konditormeister der Konditorei Zauner, Geschichte geschrieben: Er ist der erste ausgebildete Schokoladen-Sommelier aus Bad Ischl. Heuer konnte erstmals auch in \u00d6sterreich die staatlich anerkannte Ausbildung des Schokoladen-Sommeliers bzw. zur Schokoladen-Sommeli\u00e8re f\u00fcr Konditor:innen absolviert werden. Die neue Weiterbildung startete im Februar als [&hellip;]<\/p>\n","protected":false},"author":9796,"featured_media":224137,"comment_status":"open","ping_status":"closed","sticky":false,"template":"","format":"standard","meta":{"_acf_changed":false,"footnotes":""},"categories":[576],"tags":[2840,2842,2841,2845,2839,2846,2847,2849,2848,2843,2844],"class_list":["post-224136","post","type-post","status-publish","format-standard","has-post-thumbnail","hentry","category-news","tag-bad-ischl","tag-guter-zweck","tag-haselnussschokolade","tag-konditorei-zauner","tag-leopold-hasner-schule","tag-milchschokolade","tag-nussschokolade","tag-spende","tag-tradition","tag-unterstuetzung","tag-zauner-bad-ischl"],"acf":[],"yoast_head":"<!-- This site is optimized with the Yoast SEO plugin v27.4 - https:\/\/yoast.com\/product\/yoast-seo-wordpress\/ -->\n<title>Andreas Sch\u00f6gl ist Bad Ischls erster Schokoladen-Sommelier - Zauner<\/title>\n<meta name=\"robots\" content=\"index, follow, max-snippet:-1, max-image-preview:large, max-video-preview:-1\" \/>\n<link rel=\"canonical\" href=\"https:\/\/zauner.at\/en\/andreas-schoegl-ist-bad-ischls-erster-schokoladen-sommelier\/\" \/>\n<meta property=\"og:locale\" content=\"en_GB\" \/>\n<meta property=\"og:type\" content=\"article\" \/>\n<meta property=\"og:title\" content=\"Andreas Sch\u00f6gl ist Bad Ischls erster Schokoladen-Sommelier - Zauner\" \/>\n<meta property=\"og:url\" content=\"https:\/\/zauner.at\/en\/andreas-schoegl-ist-bad-ischls-erster-schokoladen-sommelier\/\" \/>\n<meta property=\"og:site_name\" content=\"Zauner\" \/>\n<meta property=\"article:publisher\" content=\"https:\/\/www.facebook.com\/p\/Konditorei-Kaffee-Zauner-Bad-Ischl-100057212599739\/\" \/>\n<meta property=\"article:published_time\" content=\"2025-11-17T11:52:52+00:00\" \/>\n<meta property=\"article:modified_time\" content=\"2025-12-01T13:14:10+00:00\" \/>\n<meta property=\"og:image\" content=\"https:\/\/zauner.at\/wp-content\/uploads\/2025\/11\/Foto3-scaled.jpg\" \/>\n\t<meta property=\"og:image:width\" content=\"2560\" \/>\n\t<meta property=\"og:image:height\" content=\"1920\" \/>\n\t<meta property=\"og:image:type\" content=\"image\/jpeg\" \/>\n<meta name=\"author\" content=\"Daniela Englj\u00e4hringer\" \/>\n<meta name=\"twitter:card\" content=\"summary_large_image\" \/>\n<meta name=\"twitter:label1\" content=\"Written by\" \/>\n\t<meta name=\"twitter:data1\" content=\"Daniela Englj\u00e4hringer\" \/>\n\t<meta name=\"twitter:label2\" content=\"Estimated reading time\" \/>\n\t<meta name=\"twitter:data2\" content=\"2 minutes\" \/>\n<script type=\"application\/ld+json\" class=\"yoast-schema-graph\">{\"@context\":\"https:\\\/\\\/schema.org\",\"@graph\":[{\"@type\":[\"Article\",\"BlogPosting\"],\"@id\":\"https:\\\/\\\/zauner.at\\\/andreas-schoegl-ist-bad-ischls-erster-schokoladen-sommelier\\\/#article\",\"isPartOf\":{\"@id\":\"https:\\\/\\\/zauner.at\\\/andreas-schoegl-ist-bad-ischls-erster-schokoladen-sommelier\\\/\"},\"author\":{\"name\":\"Daniela Englj\u00e4hringer\",\"@id\":\"https:\\\/\\\/zauner.at\\\/#\\\/schema\\\/person\\\/1c28195f6b8e94eb2f8e6e382a067844\"},\"headline\":\"Andreas Sch\u00f6gl ist Bad Ischls erster Schokoladen-Sommelier\",\"datePublished\":\"2025-11-17T11:52:52+00:00\",\"dateModified\":\"2025-12-01T13:14:10+00:00\",\"mainEntityOfPage\":{\"@id\":\"https:\\\/\\\/zauner.at\\\/andreas-schoegl-ist-bad-ischls-erster-schokoladen-sommelier\\\/\"},\"wordCount\":387,\"commentCount\":0,\"publisher\":{\"@id\":\"https:\\\/\\\/zauner.at\\\/#organization\"},\"image\":{\"@id\":\"https:\\\/\\\/zauner.at\\\/andreas-schoegl-ist-bad-ischls-erster-schokoladen-sommelier\\\/#primaryimage\"},\"thumbnailUrl\":\"https:\\\/\\\/zauner.at\\\/wp-content\\\/uploads\\\/2025\\\/11\\\/Foto3-scaled.jpg\",\"keywords\":[\"Bad Ischl\",\"Guter Zweck\",\"Haselnussschokolade\",\"Konditorei Zauner\",\"Leopold-Hasner-Schule\",\"Milchschokolade\",\"Nussschokolade\",\"Spende\",\"Tradition\",\"Unterst\u00fctzung\",\"Zauner Bad Ischl\"],\"articleSection\":[\"news\"],\"inLanguage\":\"en-GB\",\"potentialAction\":[{\"@type\":\"CommentAction\",\"name\":\"Comment\",\"target\":[\"https:\\\/\\\/zauner.at\\\/andreas-schoegl-ist-bad-ischls-erster-schokoladen-sommelier\\\/#respond\"]}]},{\"@type\":\"WebPage\",\"@id\":\"https:\\\/\\\/zauner.at\\\/andreas-schoegl-ist-bad-ischls-erster-schokoladen-sommelier\\\/\",\"url\":\"https:\\\/\\\/zauner.at\\\/andreas-schoegl-ist-bad-ischls-erster-schokoladen-sommelier\\\/\",\"name\":\"Andreas Sch\u00f6gl ist Bad Ischls erster Schokoladen-Sommelier - Zauner\",\"isPartOf\":{\"@id\":\"https:\\\/\\\/zauner.at\\\/#website\"},\"primaryImageOfPage\":{\"@id\":\"https:\\\/\\\/zauner.at\\\/andreas-schoegl-ist-bad-ischls-erster-schokoladen-sommelier\\\/#primaryimage\"},\"image\":{\"@id\":\"https:\\\/\\\/zauner.at\\\/andreas-schoegl-ist-bad-ischls-erster-schokoladen-sommelier\\\/#primaryimage\"},\"thumbnailUrl\":\"https:\\\/\\\/zauner.at\\\/wp-content\\\/uploads\\\/2025\\\/11\\\/Foto3-scaled.jpg\",\"datePublished\":\"2025-11-17T11:52:52+00:00\",\"dateModified\":\"2025-12-01T13:14:10+00:00\",\"breadcrumb\":{\"@id\":\"https:\\\/\\\/zauner.at\\\/andreas-schoegl-ist-bad-ischls-erster-schokoladen-sommelier\\\/#breadcrumb\"},\"inLanguage\":\"en-GB\",\"potentialAction\":[{\"@type\":\"ReadAction\",\"target\":[\"https:\\\/\\\/zauner.at\\\/andreas-schoegl-ist-bad-ischls-erster-schokoladen-sommelier\\\/\"]}]},{\"@type\":\"ImageObject\",\"inLanguage\":\"en-GB\",\"@id\":\"https:\\\/\\\/zauner.at\\\/andreas-schoegl-ist-bad-ischls-erster-schokoladen-sommelier\\\/#primaryimage\",\"url\":\"https:\\\/\\\/zauner.at\\\/wp-content\\\/uploads\\\/2025\\\/11\\\/Foto3-scaled.jpg\",\"contentUrl\":\"https:\\\/\\\/zauner.at\\\/wp-content\\\/uploads\\\/2025\\\/11\\\/Foto3-scaled.jpg\",\"width\":2560,\"height\":1920},{\"@type\":\"BreadcrumbList\",\"@id\":\"https:\\\/\\\/zauner.at\\\/andreas-schoegl-ist-bad-ischls-erster-schokoladen-sommelier\\\/#breadcrumb\",\"itemListElement\":[{\"@type\":\"ListItem\",\"position\":1,\"name\":\"Startseite\",\"item\":\"https:\\\/\\\/zauner.at\\\/\"},{\"@type\":\"ListItem\",\"position\":2,\"name\":\"Andreas Sch\u00f6gl ist Bad Ischls erster Schokoladen-Sommelier\"}]},{\"@type\":\"WebSite\",\"@id\":\"https:\\\/\\\/zauner.at\\\/#website\",\"url\":\"https:\\\/\\\/zauner.at\\\/\",\"name\":\"Konditorei Zauner\",\"description\":\"Konditorei\",\"publisher\":{\"@id\":\"https:\\\/\\\/zauner.at\\\/#organization\"},\"potentialAction\":[{\"@type\":\"SearchAction\",\"target\":{\"@type\":\"EntryPoint\",\"urlTemplate\":\"https:\\\/\\\/zauner.at\\\/?s={search_term_string}\"},\"query-input\":{\"@type\":\"PropertyValueSpecification\",\"valueRequired\":true,\"valueName\":\"search_term_string\"}}],\"inLanguage\":\"en-GB\"},{\"@type\":\"Organization\",\"@id\":\"https:\\\/\\\/zauner.at\\\/#organization\",\"name\":\"Konditorei Zauner\",\"url\":\"https:\\\/\\\/zauner.at\\\/\",\"logo\":{\"@type\":\"ImageObject\",\"inLanguage\":\"en-GB\",\"@id\":\"https:\\\/\\\/zauner.at\\\/#\\\/schema\\\/logo\\\/image\\\/\",\"url\":\"https:\\\/\\\/zauner.at\\\/wp-content\\\/uploads\\\/2025\\\/02\\\/zauner-logo.png\",\"contentUrl\":\"https:\\\/\\\/zauner.at\\\/wp-content\\\/uploads\\\/2025\\\/02\\\/zauner-logo.png\",\"width\":160,\"height\":142,\"caption\":\"Konditorei Zauner\"},\"image\":{\"@id\":\"https:\\\/\\\/zauner.at\\\/#\\\/schema\\\/logo\\\/image\\\/\"},\"sameAs\":[\"https:\\\/\\\/www.facebook.com\\\/p\\\/Konditorei-Kaffee-Zauner-Bad-Ischl-100057212599739\\\/\",\"https:\\\/\\\/www.instagram.com\\\/zaunerkaffeekonditorei\\\/\",\"https:\\\/\\\/at.linkedin.com\\\/company\\\/konditorei-kaffee-zauner?trk=public_profile_experience-group-header\"]},{\"@type\":\"Person\",\"@id\":\"https:\\\/\\\/zauner.at\\\/#\\\/schema\\\/person\\\/1c28195f6b8e94eb2f8e6e382a067844\",\"name\":\"Daniela Englj\u00e4hringer\",\"url\":\"https:\\\/\\\/zauner.at\\\/en\\\/author\\\/engl\\\/\"}]}<\/script>\n<!-- \/ Yoast SEO plugin. -->","yoast_head_json":{"title":"Andreas Sch\u00f6gl ist Bad Ischls erster Schokoladen-Sommelier - Zauner","robots":{"index":"index","follow":"follow","max-snippet":"max-snippet:-1","max-image-preview":"max-image-preview:large","max-video-preview":"max-video-preview:-1"},"canonical":"https:\/\/zauner.at\/en\/andreas-schoegl-ist-bad-ischls-erster-schokoladen-sommelier\/","og_locale":"en_GB","og_type":"article","og_title":"Andreas Sch\u00f6gl ist Bad Ischls erster Schokoladen-Sommelier - Zauner","og_url":"https:\/\/zauner.at\/en\/andreas-schoegl-ist-bad-ischls-erster-schokoladen-sommelier\/","og_site_name":"Zauner","article_publisher":"https:\/\/www.facebook.com\/p\/Konditorei-Kaffee-Zauner-Bad-Ischl-100057212599739\/","article_published_time":"2025-11-17T11:52:52+00:00","article_modified_time":"2025-12-01T13:14:10+00:00","og_image":[{"width":2560,"height":1920,"url":"https:\/\/zauner.at\/wp-content\/uploads\/2025\/11\/Foto3-scaled.jpg","type":"image\/jpeg"}],"author":"Daniela Englj\u00e4hringer","twitter_card":"summary_large_image","twitter_misc":{"Written by":"Daniela Englj\u00e4hringer","Estimated reading time":"2 minutes"},"schema":{"@context":"https:\/\/schema.org","@graph":[{"@type":["Article","BlogPosting"],"@id":"https:\/\/zauner.at\/andreas-schoegl-ist-bad-ischls-erster-schokoladen-sommelier\/#article","isPartOf":{"@id":"https:\/\/zauner.at\/andreas-schoegl-ist-bad-ischls-erster-schokoladen-sommelier\/"},"author":{"name":"Daniela Englj\u00e4hringer","@id":"https:\/\/zauner.at\/#\/schema\/person\/1c28195f6b8e94eb2f8e6e382a067844"},"headline":"Andreas Sch\u00f6gl ist Bad Ischls erster Schokoladen-Sommelier","datePublished":"2025-11-17T11:52:52+00:00","dateModified":"2025-12-01T13:14:10+00:00","mainEntityOfPage":{"@id":"https:\/\/zauner.at\/andreas-schoegl-ist-bad-ischls-erster-schokoladen-sommelier\/"},"wordCount":387,"commentCount":0,"publisher":{"@id":"https:\/\/zauner.at\/#organization"},"image":{"@id":"https:\/\/zauner.at\/andreas-schoegl-ist-bad-ischls-erster-schokoladen-sommelier\/#primaryimage"},"thumbnailUrl":"https:\/\/zauner.at\/wp-content\/uploads\/2025\/11\/Foto3-scaled.jpg","keywords":["Bad Ischl","Guter Zweck","Haselnussschokolade","Konditorei Zauner","Leopold-Hasner-Schule","Milchschokolade","Nussschokolade","Spende","Tradition","Unterst\u00fctzung","Zauner Bad Ischl"],"articleSection":["news"],"inLanguage":"en-GB","potentialAction":[{"@type":"CommentAction","name":"Comment","target":["https:\/\/zauner.at\/andreas-schoegl-ist-bad-ischls-erster-schokoladen-sommelier\/#respond"]}]},{"@type":"WebPage","@id":"https:\/\/zauner.at\/andreas-schoegl-ist-bad-ischls-erster-schokoladen-sommelier\/","url":"https:\/\/zauner.at\/andreas-schoegl-ist-bad-ischls-erster-schokoladen-sommelier\/","name":"Andreas Sch\u00f6gl ist Bad Ischls erster Schokoladen-Sommelier - Zauner","isPartOf":{"@id":"https:\/\/zauner.at\/#website"},"primaryImageOfPage":{"@id":"https:\/\/zauner.at\/andreas-schoegl-ist-bad-ischls-erster-schokoladen-sommelier\/#primaryimage"},"image":{"@id":"https:\/\/zauner.at\/andreas-schoegl-ist-bad-ischls-erster-schokoladen-sommelier\/#primaryimage"},"thumbnailUrl":"https:\/\/zauner.at\/wp-content\/uploads\/2025\/11\/Foto3-scaled.jpg","datePublished":"2025-11-17T11:52:52+00:00","dateModified":"2025-12-01T13:14:10+00:00","breadcrumb":{"@id":"https:\/\/zauner.at\/andreas-schoegl-ist-bad-ischls-erster-schokoladen-sommelier\/#breadcrumb"},"inLanguage":"en-GB","potentialAction":[{"@type":"ReadAction","target":["https:\/\/zauner.at\/andreas-schoegl-ist-bad-ischls-erster-schokoladen-sommelier\/"]}]},{"@type":"ImageObject","inLanguage":"en-GB","@id":"https:\/\/zauner.at\/andreas-schoegl-ist-bad-ischls-erster-schokoladen-sommelier\/#primaryimage","url":"https:\/\/zauner.at\/wp-content\/uploads\/2025\/11\/Foto3-scaled.jpg","contentUrl":"https:\/\/zauner.at\/wp-content\/uploads\/2025\/11\/Foto3-scaled.jpg","width":2560,"height":1920},{"@type":"BreadcrumbList","@id":"https:\/\/zauner.at\/andreas-schoegl-ist-bad-ischls-erster-schokoladen-sommelier\/#breadcrumb","itemListElement":[{"@type":"ListItem","position":1,"name":"Startseite","item":"https:\/\/zauner.at\/"},{"@type":"ListItem","position":2,"name":"Andreas Sch\u00f6gl ist Bad Ischls erster Schokoladen-Sommelier"}]},{"@type":"WebSite","@id":"https:\/\/zauner.at\/#website","url":"https:\/\/zauner.at\/","name":"Konditorei Zauner","description":"pastry shop","publisher":{"@id":"https:\/\/zauner.at\/#organization"},"potentialAction":[{"@type":"SearchAction","target":{"@type":"EntryPoint","urlTemplate":"https:\/\/zauner.at\/?s={search_term_string}"},"query-input":{"@type":"PropertyValueSpecification","valueRequired":true,"valueName":"search_term_string"}}],"inLanguage":"en-GB"},{"@type":"Organization","@id":"https:\/\/zauner.at\/#organization","name":"Konditorei Zauner","url":"https:\/\/zauner.at\/","logo":{"@type":"ImageObject","inLanguage":"en-GB","@id":"https:\/\/zauner.at\/#\/schema\/logo\/image\/","url":"https:\/\/zauner.at\/wp-content\/uploads\/2025\/02\/zauner-logo.png","contentUrl":"https:\/\/zauner.at\/wp-content\/uploads\/2025\/02\/zauner-logo.png","width":160,"height":142,"caption":"Konditorei Zauner"},"image":{"@id":"https:\/\/zauner.at\/#\/schema\/logo\/image\/"},"sameAs":["https:\/\/www.facebook.com\/p\/Konditorei-Kaffee-Zauner-Bad-Ischl-100057212599739\/","https:\/\/www.instagram.com\/zaunerkaffeekonditorei\/","https:\/\/at.linkedin.com\/company\/konditorei-kaffee-zauner?trk=public_profile_experience-group-header"]},{"@type":"Person","@id":"https:\/\/zauner.at\/#\/schema\/person\/1c28195f6b8e94eb2f8e6e382a067844","name":"Daniela Englj\u00e4hringer","url":"https:\/\/zauner.at\/en\/author\/engl\/"}]}},"_links":{"self":[{"href":"https:\/\/zauner.at\/en\/wp-json\/wp\/v2\/posts\/224136","targetHints":{"allow":["GET"]}}],"collection":[{"href":"https:\/\/zauner.at\/en\/wp-json\/wp\/v2\/posts"}],"about":[{"href":"https:\/\/zauner.at\/en\/wp-json\/wp\/v2\/types\/post"}],"author":[{"embeddable":true,"href":"https:\/\/zauner.at\/en\/wp-json\/wp\/v2\/users\/9796"}],"replies":[{"embeddable":true,"href":"https:\/\/zauner.at\/en\/wp-json\/wp\/v2\/comments?post=224136"}],"version-history":[{"count":4,"href":"https:\/\/zauner.at\/en\/wp-json\/wp\/v2\/posts\/224136\/revisions"}],"predecessor-version":[{"id":225269,"href":"https:\/\/zauner.at\/en\/wp-json\/wp\/v2\/posts\/224136\/revisions\/225269"}],"wp:featuredmedia":[{"embeddable":true,"href":"https:\/\/zauner.at\/en\/wp-json\/wp\/v2\/media\/224137"}],"wp:attachment":[{"href":"https:\/\/zauner.at\/en\/wp-json\/wp\/v2\/media?parent=224136"}],"wp:term":[{"taxonomy":"category","embeddable":true,"href":"https:\/\/zauner.at\/en\/wp-json\/wp\/v2\/categories?post=224136"},{"taxonomy":"post_tag","embeddable":true,"href":"https:\/\/zauner.at\/en\/wp-json\/wp\/v2\/tags?post=224136"}],"curies":[{"name":"wp","href":"https:\/\/api.w.org\/{rel}","templated":true}]}}