{"id":231715,"date":"2026-09-02T09:17:56","date_gmt":"2026-09-02T07:17:56","guid":{"rendered":"https:\/\/zauner.at\/?p=231715"},"modified":"2026-09-02T09:19:15","modified_gmt":"2026-09-02T07:19:15","slug":"to-nejlepsi-od-zaunera-k-k-hofzuckerbaeckerei-otevira-prvni-pobocku-mimo-bad-ischl","status":"publish","type":"post","link":"https:\/\/zauner.at\/cz\/very-best-of-zauner-k-u-k-hofzuckerbaeckerei-eroeffnet-ersten-standort-ausserhalb-bad-ischls\/","title":{"rendered":"\u201eTo nejlep\u0161\u00ed ze Zauneru\u201c: kuk Hofzuckerb\u00e4ckerei otev\u00edr\u00e1 svou prvn\u00ed pobo\u010dku mimo Bad Ischl"},"content":{"rendered":"<p>Bad Ischl \/ Innsbruck \u2013 Sladk\u00e1 premi\u00e9ra po t\u00e9m\u011b\u0159 200 letech p\u0159\u00edprav: C\u00edsa\u0159sk\u00e1 a kr\u00e1lovsk\u00e1 dvorn\u00ed cukr\u00e1rna Zauner dnes otev\u0159ela sv\u016fj pop-up obchod v nov\u00e9 \u010dtvrti DAS RAIQA v Innsbrucku. Tradi\u010dn\u00ed podnik tak poprv\u00e9 v historii sv\u00e9 firmy m\u00e1 vlastn\u00ed pobo\u010dku mimo Bad Ischl. Na plo\u0161e 40 m\u00b2 je nyn\u00ed k dispozici p\u0159ibli\u017en\u011b 60 produkt\u016f \u2013 \u201eto nejlep\u0161\u00ed ze Zauneru\u201c \u2013 a tak\u00e9 neust\u00e1le se m\u011bn\u00edc\u00ed v\u00fdb\u011br sez\u00f3nn\u00edch specialit. Zauner z\u016fstane prvn\u00edm pop-up n\u00e1jemcem v DAS RAIQA do konce ledna 2027.<\/p>\n<p>To, \u017ee obyvatel\u00e9 Innsbrucku na Zaunera evidentn\u011b \u010dekali, bylo patrn\u00e9 u\u017e p\u0159ed ofici\u00e1ln\u00edm otev\u0159en\u00edm. \u201eU\u017e kdy\u017e jsme obchod za\u0159izovali, prvn\u00ed kolemjdouc\u00ed u n\u00e1s cht\u011bli nakupovat,\u201c \u0159\u00edk\u00e1 Philipp Zauner, kter\u00fd rodinn\u00fd podnik vede ji\u017e v sedm\u00e9 generaci. \u201eLep\u0161\u00ed p\u0159ijet\u00ed v Innsbrucku jsme si nemohli p\u0159\u00e1t.\u201c<\/p>\n<p><strong>60 sladk\u00fdch d\u016fvod\u016f k n\u00e1v\u0161t\u011bv\u011b<\/strong><br \/>\nV\u00fdb\u011br pop-up obchodu zahrnuje p\u0159ibli\u017en\u011b 60 nejobl\u00edben\u011bj\u0161\u00edch specialit z Bad Ischlu \u2013 zejm\u00e9na legend\u00e1rn\u00ed Zaunerstollen, spolu s cukrovinkami, pe\u010divem a dal\u0161\u00edmi klasick\u00fdmi v\u00fdrobky. V\u00fdroba pokra\u010duje v\u00fdhradn\u011b v pek\u00e1rn\u011b Zauner v Bad Ischlu, odkud se dod\u00e1v\u00e1 do Innsbrucku.<\/p>\n<p>Zvl\u00e1\u0161tn\u00edm d\u016fvodem k neust\u00e1l\u00e9mu n\u00e1vratu jsou sez\u00f3nn\u00ed speciality, kter\u00e9 neust\u00e1le roz\u0161i\u0159uj\u00ed sortiment. Nap\u0159\u00edklad kolem sv\u00e1tku V\u0161ech svat\u00fdch doraz\u00ed do Tyrolska velmi speci\u00e1ln\u00ed Striezel (druh sladk\u00e9ho chleba) na V\u0161ech svat\u00fdch: zjemn\u011bn\u00fd karamelizovan\u00fdmi vla\u0161sk\u00fdmi o\u0159echy a kandovan\u00fdm ovocem. Od \u0159\u00edjna se v obchod\u011b objevuj\u00ed tak\u00e9 slavn\u00e9 adventn\u00ed kalend\u00e1\u0159e Zauner a um\u011blecky vyroben\u00e9 pern\u00edkov\u00e9 dome\u010dky \u010darod\u011bjnic. Ke konci roku n\u00e1sleduj\u00ed dal\u0161\u00ed speciality a tradi\u010dn\u00ed novoro\u010dn\u00ed talismany pro \u0161t\u011bst\u00ed.<\/p>\n<p>\u201eNechceme do Innsbrucku p\u0159iv\u00e9zt jen st\u00e1l\u00fd sortiment, ale sp\u00ed\u0161e neust\u00e1le vytv\u00e1\u0159et nov\u00e9 d\u016fvody, pro\u010d n\u00e1s lid\u00e9 nav\u0161t\u00edv\u00ed,\u201c \u0159\u00edk\u00e1 Zauner. \u201eTi, kdo p\u0159ijdou dnes a pak znovu za p\u00e1r t\u00fddn\u016f, objev\u00ed n\u011bco nov\u00e9ho.\u201c Nav\u00edc: Expozi\u010dn\u00ed expon\u00e1t demonstruje vysokou \u00farove\u0148 \u0159emesln\u00e9ho zpracov\u00e1n\u00ed v manufaktu\u0159e v Bad Ischlu.<\/p>\n<p><strong>Innsbruck nen\u00ed pro Philippa Zaunera nezn\u00e1m\u00fdm \u00fazem\u00edm.<\/strong><br \/>\nVolba Innsbrucku pro premi\u00e9ru mimo Bad Ischl m\u00e1 n\u011bkolik d\u016fvod\u016f. D\u00edky sv\u00e9 centr\u00e1ln\u00ed poloze a modern\u00edmu konceptu nab\u00edz\u00ed DAS RAIQA ide\u00e1ln\u00ed podm\u00ednky pro p\u0159edstaven\u00ed Zaunera nov\u00e9mu publiku. V tomto rozhodnut\u00ed v\u0161ak sehr\u00e1l roli i osobn\u00ed vztah: Philipp Zauner s\u00e1m studoval v Innsbrucku a ve m\u011bst\u011b se v\u017edy c\u00edtil jako doma.<\/p>\n<p>\u201eInnsbruck pro m\u011b tedy nen\u00ed jen tak ledajak\u00e9 m\u011bsto. Str\u00e1vil jsem zde d\u016fle\u017eit\u00e9 obdob\u00ed sv\u00e9ho \u017eivota a m\u00e1m na n\u011bj velmi pozitivn\u00ed vzpom\u00ednky,\u201c \u0159\u00edk\u00e1 Zauner. \u201eKdy\u017e se naskytla tato mimo\u0159\u00e1dn\u00e1 p\u0159\u00edle\u017eitost, mnoho v\u011bc\u00ed do sebe zapadlo: m\u00edsto, koncept \u2013 a m\u016fj osobn\u00ed vztah k Innsbrucku.\u201c<\/p>\n<p>Od sv\u00e9ho zalo\u017een\u00ed v roce 1832 je Zauner synonymem rakousk\u00e9 kav\u00e1rny a cukr\u00e1\u0159sk\u00e9 kultury, mistrovsk\u00e9ho cukr\u00e1\u0159sk\u00e9ho um\u011bn\u00ed a p\u0159edev\u0161\u00edm \u0159emesln\u00e9 kvality. V\u0161echny produkty jsou vyr\u00e1b\u011bny s rozs\u00e1hl\u00fdmi zku\u0161enostmi a pe\u010dlivou pozornost\u00ed k detailu v Bad Ischlu. S pop-up obchodem se tato tradice nyn\u00ed dost\u00e1v\u00e1 i do Tyrolska.<\/p>\n<p><strong>Tradice se setk\u00e1v\u00e1 s m\u011bstsk\u00fdm Innsbruckem<\/strong><br \/>\n\u201eZauner a Innsbruck \u2013 to je perfektn\u00ed souhra: tradice se setk\u00e1v\u00e1 s alpskou urbanismem. Tuto historickou spole\u010dnost v\u0159ele v\u00edt\u00e1me. Skute\u010dnost, \u017ee p\u0159itahuje do Innsbrucku velk\u00e1 jm\u00e9na a zna\u010dky, dokazuje p\u0159ita\u017elivost a atraktivitu na\u0161eho m\u011bsta,\u201c \u0159\u00edk\u00e1 starosta Johannes Anzengruber.<\/p>\n<p>Zauner, jako\u017eto n\u00e1jemce v r\u00e1mci kr\u00e1tkodob\u00e9ho projektu, je tak\u00e9 velmi v\u00fdjime\u010dn\u00fdm p\u0159\u00edr\u016fstkem do nab\u00eddky podnik\u016f v RAIQA. \u201eTradice, \u0159emesln\u00e9 zpracov\u00e1n\u00ed a vysoce kvalitn\u00ed produkt se zde setk\u00e1vaj\u00ed s modern\u00edm m\u011bstsk\u00fdm prost\u0159ed\u00edm. Toto je nyn\u00ed obohaceno o sladk\u00fd n\u00e1dech se specialitami z Bad Ischlu,\u201d \u0159\u00edk\u00e1 Thomas Wass, gener\u00e1ln\u00ed \u0159editel Raiffeisen-Landesbank Tirol.<\/p>\n<p><strong>Slavnostn\u00ed otev\u0159en\u00ed 1. z\u00e1\u0159\u00ed<\/strong><br \/>\n1. z\u00e1\u0159\u00ed byla ofici\u00e1ln\u011b otev\u0159ena nov\u00e1 provozovna v p\u0159\u00edzem\u00ed budovy RAIQA. Pro Zauner to znamen\u00e1 za\u010d\u00e1tek nov\u00e9 kapitoly v jeho 194. roce podnik\u00e1n\u00ed \u2013 zpo\u010d\u00e1tku jako pilotn\u00ed projekt do konce ledna 2027. \u201eJsme velmi nad\u0161en\u00ed, jak obyvatel\u00e9 Innsbrucku a \u010detn\u00ed turist\u00e9 p\u0159ijmou na\u0161i nab\u00eddku. Prvn\u00ed reakce b\u011bhem za\u0159izov\u00e1n\u00ed v n\u00e1s jist\u011b probudily chu\u0165 na dal\u0161\u00ed,\u201c \u0159\u00edk\u00e1 Philipp Zauner.<\/p>","protected":false},"excerpt":{"rendered":"<p>Bad Ischl \/ Innsbruck- Eine s\u00fc\u00dfe Premiere mit fast 200 Jahren Anlauf: Die k.u.k. Hofzuckerb\u00e4ckerei Zauner hat heute ihren Pop-up-Store im neuen Innsbrucker Quartier DAS RAIQA er\u00f6ffnet. Damit ist das traditionsreiche Haus erstmals in seiner Geschichte mit einem eigenen Standort au\u00dferhalb von Bad Ischl vertreten. Auf 40 m\u00b2 sind ab sofort rund 60 Produkte &#8211; [&hellip;]<\/p>\n","protected":false},"author":9796,"featured_media":231716,"comment_status":"closed","ping_status":"closed","sticky":false,"template":"","format":"standard","meta":{"_acf_changed":false,"footnotes":""},"categories":[576],"tags":[2840,2841,2977,2975,2845,2934,2857,2972,2973,2848,2844,2976,2974,2856],"class_list":["post-231715","post","type-post","status-publish","format-standard","has-post-thumbnail","hentry","category-news","tag-bad-ischl","tag-haselnussschokolade","tag-innsbruck-zauner","tag-ischler-toertchen","tag-konditorei-zauner","tag-konditorei-kaffee-zauenr","tag-konditorei-kaffee-zauner","tag-pop-up-store","tag-pop-up-store-zauner","tag-tradition","tag-zauner-bad-ischl","tag-zauner-filiale","tag-zauner-goes-innsbruck","tag-zaunerstollen"],"acf":[],"yoast_head":"<!-- This site is optimized with the Yoast SEO plugin v28.3 - https:\/\/yoast.com\/product\/yoast-seo-wordpress\/ -->\n<title>\u201eVery best of Zauner\u201c: k.u.k. Hofzuckerb\u00e4ckerei er\u00f6ffnet ersten Standort au\u00dferhalb Bad Ischls - Zauner<\/title>\n<meta name=\"robots\" content=\"index, follow, max-snippet:-1, max-image-preview:large, max-video-preview:-1\" \/>\n<link rel=\"canonical\" href=\"https:\/\/zauner.at\/cz\/to-nejlepsi-od-zaunera-k-k-hofzuckerbaeckerei-otevira-prvni-pobocku-mimo-bad-ischl\/\" \/>\n<meta property=\"og:locale\" content=\"cs_CZ\" \/>\n<meta property=\"og:type\" content=\"article\" \/>\n<meta property=\"og:title\" content=\"\u201eVery best of Zauner\u201c: k.u.k. Hofzuckerb\u00e4ckerei er\u00f6ffnet ersten Standort au\u00dferhalb Bad Ischls - Zauner\" \/>\n<meta property=\"og:url\" content=\"https:\/\/zauner.at\/cz\/to-nejlepsi-od-zaunera-k-k-hofzuckerbaeckerei-otevira-prvni-pobocku-mimo-bad-ischl\/\" \/>\n<meta property=\"og:site_name\" content=\"Zauner\" \/>\n<meta property=\"article:publisher\" content=\"https:\/\/www.facebook.com\/p\/Konditorei-Kaffee-Zauner-Bad-Ischl-100057212599739\/\" \/>\n<meta property=\"article:published_time\" content=\"2026-09-02T07:17:56+00:00\" \/>\n<meta property=\"article:modified_time\" content=\"2026-09-02T07:19:15+00:00\" \/>\n<meta property=\"og:image\" content=\"https:\/\/zauner.at\/wp-content\/uploads\/2026\/09\/lucajaenichen-260901-zauner-innsbruck-popupstore-8667.jpg\" \/>\n\t<meta property=\"og:image:width\" content=\"2500\" \/>\n\t<meta property=\"og:image:height\" content=\"1667\" \/>\n\t<meta property=\"og:image:type\" content=\"image\/jpeg\" \/>\n<meta name=\"author\" content=\"Daniela Englj\u00e4hringer\" \/>\n<meta name=\"twitter:card\" content=\"summary_large_image\" \/>\n<meta name=\"twitter:label1\" content=\"Napsal(a)\" \/>\n\t<meta name=\"twitter:data1\" content=\"Daniela Englj\u00e4hringer\" \/>\n\t<meta name=\"twitter:label2\" content=\"Odhadovan\u00e1 doba \u010dten\u00ed\" \/>\n\t<meta name=\"twitter:data2\" content=\"3 minuty\" \/>\n<script type=\"application\/ld+json\" class=\"yoast-schema-graph\">{\"@context\":\"https:\\\/\\\/schema.org\",\"@graph\":[{\"@type\":[\"Article\",\"BlogPosting\"],\"@id\":\"https:\\\/\\\/zauner.at\\\/very-best-of-zauner-k-u-k-hofzuckerbaeckerei-eroeffnet-ersten-standort-ausserhalb-bad-ischls\\\/#article\",\"isPartOf\":{\"@id\":\"https:\\\/\\\/zauner.at\\\/very-best-of-zauner-k-u-k-hofzuckerbaeckerei-eroeffnet-ersten-standort-ausserhalb-bad-ischls\\\/\"},\"author\":{\"name\":\"Daniela Englj\u00e4hringer\",\"@id\":\"https:\\\/\\\/zauner.at\\\/#\\\/schema\\\/person\\\/1c28195f6b8e94eb2f8e6e382a067844\"},\"headline\":\"\u201eVery best of Zauner\u201c: k.u.k. Hofzuckerb\u00e4ckerei er\u00f6ffnet ersten Standort au\u00dferhalb Bad Ischls\",\"datePublished\":\"2026-09-02T07:17:56+00:00\",\"dateModified\":\"2026-09-02T07:19:15+00:00\",\"mainEntityOfPage\":{\"@id\":\"https:\\\/\\\/zauner.at\\\/very-best-of-zauner-k-u-k-hofzuckerbaeckerei-eroeffnet-ersten-standort-ausserhalb-bad-ischls\\\/\"},\"wordCount\":669,\"publisher\":{\"@id\":\"https:\\\/\\\/zauner.at\\\/#organization\"},\"image\":{\"@id\":\"https:\\\/\\\/zauner.at\\\/very-best-of-zauner-k-u-k-hofzuckerbaeckerei-eroeffnet-ersten-standort-ausserhalb-bad-ischls\\\/#primaryimage\"},\"thumbnailUrl\":\"https:\\\/\\\/zauner.at\\\/wp-content\\\/uploads\\\/2026\\\/09\\\/lucajaenichen-260901-zauner-innsbruck-popupstore-8667.jpg\",\"keywords\":[\"Bad Ischl\",\"Haselnussschokolade\",\"Innsbruck Zauner\",\"Ischler T\u00f6rtchen\",\"Konditorei Zauner\",\"Konditorei-Kaffee Zauenr\",\"Konditorei-Kaffee Zauner\",\"Pop-Up Store\",\"Pop-Up Store Zauner\",\"Tradition\",\"Zauner Bad Ischl\",\"Zauner Filiale\",\"Zauner goes Innsbruck\",\"Zaunerstollen\"],\"articleSection\":[\"news\"],\"inLanguage\":\"cs\"},{\"@type\":\"WebPage\",\"@id\":\"https:\\\/\\\/zauner.at\\\/very-best-of-zauner-k-u-k-hofzuckerbaeckerei-eroeffnet-ersten-standort-ausserhalb-bad-ischls\\\/\",\"url\":\"https:\\\/\\\/zauner.at\\\/very-best-of-zauner-k-u-k-hofzuckerbaeckerei-eroeffnet-ersten-standort-ausserhalb-bad-ischls\\\/\",\"name\":\"\u201eVery best of Zauner\u201c: k.u.k. Hofzuckerb\u00e4ckerei er\u00f6ffnet ersten Standort au\u00dferhalb Bad Ischls - Zauner\",\"isPartOf\":{\"@id\":\"https:\\\/\\\/zauner.at\\\/#website\"},\"primaryImageOfPage\":{\"@id\":\"https:\\\/\\\/zauner.at\\\/very-best-of-zauner-k-u-k-hofzuckerbaeckerei-eroeffnet-ersten-standort-ausserhalb-bad-ischls\\\/#primaryimage\"},\"image\":{\"@id\":\"https:\\\/\\\/zauner.at\\\/very-best-of-zauner-k-u-k-hofzuckerbaeckerei-eroeffnet-ersten-standort-ausserhalb-bad-ischls\\\/#primaryimage\"},\"thumbnailUrl\":\"https:\\\/\\\/zauner.at\\\/wp-content\\\/uploads\\\/2026\\\/09\\\/lucajaenichen-260901-zauner-innsbruck-popupstore-8667.jpg\",\"datePublished\":\"2026-09-02T07:17:56+00:00\",\"dateModified\":\"2026-09-02T07:19:15+00:00\",\"breadcrumb\":{\"@id\":\"https:\\\/\\\/zauner.at\\\/very-best-of-zauner-k-u-k-hofzuckerbaeckerei-eroeffnet-ersten-standort-ausserhalb-bad-ischls\\\/#breadcrumb\"},\"inLanguage\":\"cs\",\"potentialAction\":[{\"@type\":\"ReadAction\",\"target\":[\"https:\\\/\\\/zauner.at\\\/very-best-of-zauner-k-u-k-hofzuckerbaeckerei-eroeffnet-ersten-standort-ausserhalb-bad-ischls\\\/\"]}]},{\"@type\":\"ImageObject\",\"inLanguage\":\"cs\",\"@id\":\"https:\\\/\\\/zauner.at\\\/very-best-of-zauner-k-u-k-hofzuckerbaeckerei-eroeffnet-ersten-standort-ausserhalb-bad-ischls\\\/#primaryimage\",\"url\":\"https:\\\/\\\/zauner.at\\\/wp-content\\\/uploads\\\/2026\\\/09\\\/lucajaenichen-260901-zauner-innsbruck-popupstore-8667.jpg\",\"contentUrl\":\"https:\\\/\\\/zauner.at\\\/wp-content\\\/uploads\\\/2026\\\/09\\\/lucajaenichen-260901-zauner-innsbruck-popupstore-8667.jpg\",\"width\":2500,\"height\":1667},{\"@type\":\"BreadcrumbList\",\"@id\":\"https:\\\/\\\/zauner.at\\\/very-best-of-zauner-k-u-k-hofzuckerbaeckerei-eroeffnet-ersten-standort-ausserhalb-bad-ischls\\\/#breadcrumb\",\"itemListElement\":[{\"@type\":\"ListItem\",\"position\":1,\"name\":\"Startseite\",\"item\":\"https:\\\/\\\/zauner.at\\\/\"},{\"@type\":\"ListItem\",\"position\":2,\"name\":\"\u201eVery best of Zauner\u201c: k.u.k. Hofzuckerb\u00e4ckerei er\u00f6ffnet ersten Standort au\u00dferhalb Bad Ischls\"}]},{\"@type\":\"WebSite\",\"@id\":\"https:\\\/\\\/zauner.at\\\/#website\",\"url\":\"https:\\\/\\\/zauner.at\\\/\",\"name\":\"Konditorei Zauner\",\"description\":\"Konditorei\",\"publisher\":{\"@id\":\"https:\\\/\\\/zauner.at\\\/#organization\"},\"potentialAction\":[{\"@type\":\"SearchAction\",\"target\":{\"@type\":\"EntryPoint\",\"urlTemplate\":\"https:\\\/\\\/zauner.at\\\/?s={search_term_string}\"},\"query-input\":{\"@type\":\"PropertyValueSpecification\",\"valueRequired\":true,\"valueName\":\"search_term_string\"}}],\"inLanguage\":\"cs\"},{\"@type\":\"Organization\",\"@id\":\"https:\\\/\\\/zauner.at\\\/#organization\",\"name\":\"Konditorei Zauner\",\"url\":\"https:\\\/\\\/zauner.at\\\/\",\"logo\":{\"@type\":\"ImageObject\",\"inLanguage\":\"cs\",\"@id\":\"https:\\\/\\\/zauner.at\\\/#\\\/schema\\\/logo\\\/image\\\/\",\"url\":\"https:\\\/\\\/zauner.at\\\/wp-content\\\/uploads\\\/2025\\\/02\\\/zauner-logo.png\",\"contentUrl\":\"https:\\\/\\\/zauner.at\\\/wp-content\\\/uploads\\\/2025\\\/02\\\/zauner-logo.png\",\"width\":160,\"height\":142,\"caption\":\"Konditorei Zauner\"},\"image\":{\"@id\":\"https:\\\/\\\/zauner.at\\\/#\\\/schema\\\/logo\\\/image\\\/\"},\"sameAs\":[\"https:\\\/\\\/www.facebook.com\\\/p\\\/Konditorei-Kaffee-Zauner-Bad-Ischl-100057212599739\\\/\",\"https:\\\/\\\/www.instagram.com\\\/zaunerkaffeekonditorei\\\/\",\"https:\\\/\\\/at.linkedin.com\\\/company\\\/konditorei-kaffee-zauner?trk=public_profile_experience-group-header\"]},{\"@type\":\"Person\",\"@id\":\"https:\\\/\\\/zauner.at\\\/#\\\/schema\\\/person\\\/1c28195f6b8e94eb2f8e6e382a067844\",\"name\":\"Daniela Englj\u00e4hringer\",\"url\":\"https:\\\/\\\/zauner.at\\\/cz\\\/author\\\/engl\\\/\"}]}<\/script>\n<!-- \/ Yoast SEO plugin. -->","yoast_head_json":{"title":"\u201eTo nejlep\u0161\u00ed ze Zauneru\u201c: Cukr\u00e1rna Imperial and Royal Court otev\u00edr\u00e1 svou prvn\u00ed pobo\u010dku mimo Bad Ischl - Zauner","robots":{"index":"index","follow":"follow","max-snippet":"max-snippet:-1","max-image-preview":"max-image-preview:large","max-video-preview":"max-video-preview:-1"},"canonical":"https:\/\/zauner.at\/cz\/to-nejlepsi-od-zaunera-k-k-hofzuckerbaeckerei-otevira-prvni-pobocku-mimo-bad-ischl\/","og_locale":"cs_CZ","og_type":"article","og_title":"\u201eVery best of Zauner\u201c: k.u.k. Hofzuckerb\u00e4ckerei er\u00f6ffnet ersten Standort au\u00dferhalb Bad Ischls - Zauner","og_url":"https:\/\/zauner.at\/cz\/to-nejlepsi-od-zaunera-k-k-hofzuckerbaeckerei-otevira-prvni-pobocku-mimo-bad-ischl\/","og_site_name":"Zauner","article_publisher":"https:\/\/www.facebook.com\/p\/Konditorei-Kaffee-Zauner-Bad-Ischl-100057212599739\/","article_published_time":"2026-09-02T07:17:56+00:00","article_modified_time":"2026-09-02T07:19:15+00:00","og_image":[{"width":2500,"height":1667,"url":"https:\/\/zauner.at\/wp-content\/uploads\/2026\/09\/lucajaenichen-260901-zauner-innsbruck-popupstore-8667.jpg","type":"image\/jpeg"}],"author":"Daniela Englj\u00e4hringer","twitter_card":"summary_large_image","twitter_misc":{"Napsal(a)":"Daniela Englj\u00e4hringer","Odhadovan\u00e1 doba \u010dten\u00ed":"3 minuty"},"schema":{"@context":"https:\/\/schema.org","@graph":[{"@type":["Article","BlogPosting"],"@id":"https:\/\/zauner.at\/very-best-of-zauner-k-u-k-hofzuckerbaeckerei-eroeffnet-ersten-standort-ausserhalb-bad-ischls\/#article","isPartOf":{"@id":"https:\/\/zauner.at\/very-best-of-zauner-k-u-k-hofzuckerbaeckerei-eroeffnet-ersten-standort-ausserhalb-bad-ischls\/"},"author":{"name":"Daniela Englj\u00e4hringer","@id":"https:\/\/zauner.at\/#\/schema\/person\/1c28195f6b8e94eb2f8e6e382a067844"},"headline":"\u201eVery best of Zauner\u201c: k.u.k. Hofzuckerb\u00e4ckerei er\u00f6ffnet ersten Standort au\u00dferhalb Bad Ischls","datePublished":"2026-09-02T07:17:56+00:00","dateModified":"2026-09-02T07:19:15+00:00","mainEntityOfPage":{"@id":"https:\/\/zauner.at\/very-best-of-zauner-k-u-k-hofzuckerbaeckerei-eroeffnet-ersten-standort-ausserhalb-bad-ischls\/"},"wordCount":669,"publisher":{"@id":"https:\/\/zauner.at\/#organization"},"image":{"@id":"https:\/\/zauner.at\/very-best-of-zauner-k-u-k-hofzuckerbaeckerei-eroeffnet-ersten-standort-ausserhalb-bad-ischls\/#primaryimage"},"thumbnailUrl":"https:\/\/zauner.at\/wp-content\/uploads\/2026\/09\/lucajaenichen-260901-zauner-innsbruck-popupstore-8667.jpg","keywords":["Bad Ischl","Haselnussschokolade","Innsbruck Zauner","Ischler T\u00f6rtchen","Konditorei Zauner","Konditorei-Kaffee Zauenr","Konditorei-Kaffee Zauner","Pop-Up Store","Pop-Up Store Zauner","Tradition","Zauner Bad Ischl","Zauner Filiale","Zauner goes Innsbruck","Zaunerstollen"],"articleSection":["news"],"inLanguage":"cs"},{"@type":"WebPage","@id":"https:\/\/zauner.at\/very-best-of-zauner-k-u-k-hofzuckerbaeckerei-eroeffnet-ersten-standort-ausserhalb-bad-ischls\/","url":"https:\/\/zauner.at\/very-best-of-zauner-k-u-k-hofzuckerbaeckerei-eroeffnet-ersten-standort-ausserhalb-bad-ischls\/","name":"\u201eTo nejlep\u0161\u00ed ze Zauneru\u201c: Cukr\u00e1rna Imperial and Royal Court otev\u00edr\u00e1 svou prvn\u00ed pobo\u010dku mimo Bad Ischl - Zauner","isPartOf":{"@id":"https:\/\/zauner.at\/#website"},"primaryImageOfPage":{"@id":"https:\/\/zauner.at\/very-best-of-zauner-k-u-k-hofzuckerbaeckerei-eroeffnet-ersten-standort-ausserhalb-bad-ischls\/#primaryimage"},"image":{"@id":"https:\/\/zauner.at\/very-best-of-zauner-k-u-k-hofzuckerbaeckerei-eroeffnet-ersten-standort-ausserhalb-bad-ischls\/#primaryimage"},"thumbnailUrl":"https:\/\/zauner.at\/wp-content\/uploads\/2026\/09\/lucajaenichen-260901-zauner-innsbruck-popupstore-8667.jpg","datePublished":"2026-09-02T07:17:56+00:00","dateModified":"2026-09-02T07:19:15+00:00","breadcrumb":{"@id":"https:\/\/zauner.at\/very-best-of-zauner-k-u-k-hofzuckerbaeckerei-eroeffnet-ersten-standort-ausserhalb-bad-ischls\/#breadcrumb"},"inLanguage":"cs","potentialAction":[{"@type":"ReadAction","target":["https:\/\/zauner.at\/very-best-of-zauner-k-u-k-hofzuckerbaeckerei-eroeffnet-ersten-standort-ausserhalb-bad-ischls\/"]}]},{"@type":"ImageObject","inLanguage":"cs","@id":"https:\/\/zauner.at\/very-best-of-zauner-k-u-k-hofzuckerbaeckerei-eroeffnet-ersten-standort-ausserhalb-bad-ischls\/#primaryimage","url":"https:\/\/zauner.at\/wp-content\/uploads\/2026\/09\/lucajaenichen-260901-zauner-innsbruck-popupstore-8667.jpg","contentUrl":"https:\/\/zauner.at\/wp-content\/uploads\/2026\/09\/lucajaenichen-260901-zauner-innsbruck-popupstore-8667.jpg","width":2500,"height":1667},{"@type":"BreadcrumbList","@id":"https:\/\/zauner.at\/very-best-of-zauner-k-u-k-hofzuckerbaeckerei-eroeffnet-ersten-standort-ausserhalb-bad-ischls\/#breadcrumb","itemListElement":[{"@type":"ListItem","position":1,"name":"Startseite","item":"https:\/\/zauner.at\/"},{"@type":"ListItem","position":2,"name":"\u201eVery best of Zauner\u201c: k.u.k. Hofzuckerb\u00e4ckerei er\u00f6ffnet ersten Standort au\u00dferhalb Bad Ischls"}]},{"@type":"WebSite","@id":"https:\/\/zauner.at\/#website","url":"https:\/\/zauner.at\/","name":"Cukr\u00e1rna Zauner","description":"Cukrovinky","publisher":{"@id":"https:\/\/zauner.at\/#organization"},"potentialAction":[{"@type":"SearchAction","target":{"@type":"EntryPoint","urlTemplate":"https:\/\/zauner.at\/?s={search_term_string}"},"query-input":{"@type":"PropertyValueSpecification","valueRequired":true,"valueName":"search_term_string"}}],"inLanguage":"cs"},{"@type":"Organization","@id":"https:\/\/zauner.at\/#organization","name":"Cukr\u00e1rna Zauner","url":"https:\/\/zauner.at\/","logo":{"@type":"ImageObject","inLanguage":"cs","@id":"https:\/\/zauner.at\/#\/schema\/logo\/image\/","url":"https:\/\/zauner.at\/wp-content\/uploads\/2025\/02\/zauner-logo.png","contentUrl":"https:\/\/zauner.at\/wp-content\/uploads\/2025\/02\/zauner-logo.png","width":160,"height":142,"caption":"Konditorei Zauner"},"image":{"@id":"https:\/\/zauner.at\/#\/schema\/logo\/image\/"},"sameAs":["https:\/\/www.facebook.com\/p\/Konditorei-Kaffee-Zauner-Bad-Ischl-100057212599739\/","https:\/\/www.instagram.com\/zaunerkaffeekonditorei\/","https:\/\/at.linkedin.com\/company\/konditorei-kaffee-zauner?trk=public_profile_experience-group-header"]},{"@type":"Person","@id":"https:\/\/zauner.at\/#\/schema\/person\/1c28195f6b8e94eb2f8e6e382a067844","name":"Daniela Enlj\u00e4hringer","url":"https:\/\/zauner.at\/cz\/author\/engl\/"}]}},"_links":{"self":[{"href":"https:\/\/zauner.at\/cz\/wp-json\/wp\/v2\/posts\/231715","targetHints":{"allow":["GET"]}}],"collection":[{"href":"https:\/\/zauner.at\/cz\/wp-json\/wp\/v2\/posts"}],"about":[{"href":"https:\/\/zauner.at\/cz\/wp-json\/wp\/v2\/types\/post"}],"author":[{"embeddable":true,"href":"https:\/\/zauner.at\/cz\/wp-json\/wp\/v2\/users\/9796"}],"replies":[{"embeddable":true,"href":"https:\/\/zauner.at\/cz\/wp-json\/wp\/v2\/comments?post=231715"}],"version-history":[{"count":2,"href":"https:\/\/zauner.at\/cz\/wp-json\/wp\/v2\/posts\/231715\/revisions"}],"predecessor-version":[{"id":231725,"href":"https:\/\/zauner.at\/cz\/wp-json\/wp\/v2\/posts\/231715\/revisions\/231725"}],"wp:featuredmedia":[{"embeddable":true,"href":"https:\/\/zauner.at\/cz\/wp-json\/wp\/v2\/media\/231716"}],"wp:attachment":[{"href":"https:\/\/zauner.at\/cz\/wp-json\/wp\/v2\/media?parent=231715"}],"wp:term":[{"taxonomy":"category","embeddable":true,"href":"https:\/\/zauner.at\/cz\/wp-json\/wp\/v2\/categories?post=231715"},{"taxonomy":"post_tag","embeddable":true,"href":"https:\/\/zauner.at\/cz\/wp-json\/wp\/v2\/tags?post=231715"}],"curies":[{"name":"wp","href":"https:\/\/api.w.org\/{rel}","templated":true}]}}